{"id":74626,"date":"2025-12-17T09:54:59","date_gmt":"2025-12-17T06:54:59","guid":{"rendered":"https:\/\/www.egemtv.com\/?p=74626"},"modified":"2025-12-17T09:54:59","modified_gmt":"2025-12-17T06:54:59","slug":"uzmanindan-uyari-magazalarda-denenen-giysiler-hasta-edebilir","status":"publish","type":"post","link":"https:\/\/www.egemtv.com\/?p=74626","title":{"rendered":"Uzman\u0131ndan uyar\u0131: &#8220;Ma\u011fazalarda denenen giysiler hasta edebilir&#8221;"},"content":{"rendered":"<p>Ma\u011faza kabinlerinde onlarca ki\u015fi taraf\u0131ndan denenen k\u0131yafetlerin, hijyen kurallar\u0131na uyulmamas\u0131 halinde uyuz, mantar ve \u00e7e\u015fitli bakteriyel enfeksiyonlara davetiye \u00e7\u0131kard\u0131\u011f\u0131 belirtiliyor. Dermatoloji Uzman\u0131 Do\u00e7. Dr. Hatice Gamze Demirda\u011f, &#8220;Ma\u011fazada daha \u00f6nce \u00e7ok say\u0131da ki\u015fi taraf\u0131ndan denenmi\u015f k\u0131yafetleri giymek, egzama ve k\u0131zar\u0131kl\u0131k gibi sorunlar\u0131n yan\u0131 s\u0131ra bula\u015f\u0131c\u0131 hastal\u0131k riskini de beraberinde getirmektedir&#8221; dedi.<br \/>\n<br \/>Al\u0131\u015fveri\u015f s\u0131ras\u0131nda beden uyumunu kontrol etmek amac\u0131yla denenen k\u0131yafetler, hijyen \u015fartlar\u0131na dikkat edilmedi\u011fi takdirde \u00e7e\u015fitli sa\u011fl\u0131k risklerini beraberinde getirebiliyor. Uzmanlar, deneme s\u0131ras\u0131nda k\u0131yafetler \u00fczerinde bulunan deri d\u00f6k\u00fcnt\u00fcleri, ter ve mikroorganizmalar\u0131n bir ki\u015fiden di\u011ferine ge\u00e7ebilece\u011fine dikkat \u00e7ekiyor. \u00d6zellikle yeterince havaland\u0131r\u0131lmayan deneme kabinlerinde k\u0131yafetlerin bir\u00e7ok ki\u015fi taraf\u0131ndan denemesi, uyuz paraziti ve mantar gibi enfeksiyonlar\u0131n yay\u0131lmas\u0131na zemin haz\u0131rl\u0131yor. \u00d6te yandan, bakteri ve vir\u00fcslerin tekstil y\u00fczeylerinde belirli s\u00fcreler boyunca canl\u0131 kalabildi\u011fi, bunun da ba\u011f\u0131\u015f\u0131kl\u0131k sistemi zay\u0131f bireyler a\u00e7\u0131s\u0131ndan enfeksiyon riskini art\u0131rd\u0131\u011f\u0131 ifade ediliyor. V\u00fccutla do\u011frudan temas eden pantolon, ti\u015f\u00f6rt ve i\u00e7 giyim \u00fcr\u00fcnlerinin deneme s\u00fcre\u00e7lerinde bula\u015f ihtimalini daha da y\u00fckseltti\u011fi vurgulan\u0131yor.<\/p>\n<p>Salg\u0131n hastal\u0131k riski<br \/>\n<br \/>Yeni k\u0131yafetlerin fabrikada \u00fcretim a\u015famas\u0131ndan ma\u011fazaya gelene kadar \u00e7ok say\u0131da i\u015flemden ge\u00e7ti\u011fini belirten Ac\u0131badem Kent Hastanesi Dermatoloji Uzman\u0131 Do\u00e7. Dr. Hatice Gamze Demirda\u011f, &#8220;Bu s\u00fcre\u00e7te k\u0131yafetler renk veren boyalar, \u00fct\u00fcl\u00fc g\u00f6r\u00fcn\u00fcm sa\u011flayan k\u0131r\u0131\u015f\u0131kl\u0131k giderici kimyasallar, yumu\u015fat\u0131c\u0131lar ve k\u00fcf \u00f6nleyici maddeler gibi bir\u00e7ok kimyasal ile temas eder&#8221; dedi. Demirda\u011f, &#8220;Ma\u011fazaya ula\u015ft\u0131klar\u0131nda ise \u00fczerlerinde hala sa\u011fl\u0131\u011fa zararl\u0131 olabilecek bu kimyasal kal\u0131nt\u0131lar\u0131 bar\u0131nd\u0131r\u0131rlar. \u00d6zellikle cildi hassas olan ki\u015filerde, alerjik egzamas\u0131 bulunanlarda, bebek ve \u00e7ocuklar gibi hassas deri yap\u0131s\u0131na sahip bireylerde bu kimyasallara maruziyet sonucunda ciltte ka\u015f\u0131nt\u0131, k\u0131zar\u0131kl\u0131k, pullanma ve tahri\u015f gibi etkiler g\u00f6r\u00fclebilmekte, hatta alerjik reaksiyonlara neden olabilmektedir. Bununla birlikte bir\u00e7ok insan bedenini tam olarak bilmedi\u011fi i\u00e7in, ma\u011fazalarda deneme kabinlerinde bedenini bilse dahi farkl\u0131 se\u00e7enekler oldu\u011fu gerek\u00e7esiyle 4-5 farkl\u0131 \u00fcr\u00fcn\u00fc denemektedir. Oysa bu \u00fcr\u00fcnler daha \u00f6nce en az 20-30 ki\u015fi taraf\u0131ndan denenmi\u015f olabilmektedir. Ma\u011fazada daha \u00f6nce \u00e7ok say\u0131da ki\u015fi taraf\u0131ndan denenmi\u015f k\u0131yafetleri giymek, egzama ve k\u0131zar\u0131kl\u0131k gibi sorunlar\u0131n yan\u0131 s\u0131ra bula\u015f\u0131c\u0131 hastal\u0131k riskini de beraberinde getirmektedir. \u00d6zellikle son y\u0131llarda \u00fclkemizde g\u00f6r\u00fclen uyuz salg\u0131n\u0131 nedeniyle, uyuz parazitinin daha \u00f6nce denenmi\u015f k\u0131yafetlerde bulunabildi\u011fi g\u00f6zlemlenmektedir ve bu k\u0131yafetlerin belirli bir s\u00fcre giyilmesi uyuz hastal\u0131\u011f\u0131na yakalanma riskini art\u0131rabilmektedir&#8221; diye ekledi.<br \/>\n<br \/>\u00dcr\u00fcnlerin \u00fcretimden sat\u0131\u015fa kadar olan s\u00fcrecinin titizlikle y\u00fcr\u00fct\u00fcld\u00fc\u011f\u00fcn\u00fc belirten sat\u0131\u015f dan\u0131\u015fman\u0131 Tu\u011fba Kara ise m\u00fc\u015fterilerin de sat\u0131n ald\u0131klar\u0131 \u00fcr\u00fcnleri ilk olarak y\u0131kay\u0131p ard\u0131ndan kulland\u0131klar\u0131n\u0131 s\u00f6yledi.<br \/><\/p>\n","protected":false},"excerpt":{"rendered":"<p>Ma\u011faza kabinlerinde onlarca ki\u015fi taraf\u0131ndan denenen k\u0131yafetlerin, hijyen kurallar\u0131na uyulmamas\u0131 halinde uyuz, mantar ve \u00e7e\u015fitli bakteriyel enfeksiyonlara davetiye \u00e7\u0131kard\u0131\u011f\u0131 belirtiliyor. Dermatoloji Uzman\u0131 Do\u00e7. Dr. Hatice Gamze Demirda\u011f, &#8220;Ma\u011fazada daha \u00f6nce \u00e7ok say\u0131da ki\u015fi taraf\u0131ndan denenmi\u015f k\u0131yafetleri giymek, egzama ve k\u0131zar\u0131kl\u0131k gibi sorunlar\u0131n yan\u0131 s\u0131ra bula\u015f\u0131c\u0131 hastal\u0131k riskini de beraberinde getirmektedir&#8221; dedi. Al\u0131\u015fveri\u015f s\u0131ras\u0131nda beden uyumunu&#8230;<\/p>\n","protected":false},"author":1,"featured_media":74627,"comment_status":"open","ping_status":"open","sticky":false,"template":"","format":"standard","meta":{"_crdt_document":"","footnotes":""},"categories":[2],"tags":[],"class_list":["post-74626","post","type-post","status-publish","format-standard","has-post-thumbnail","hentry","category-saglik"],"_links":{"self":[{"href":"https:\/\/www.egemtv.com\/index.php?rest_route=\/wp\/v2\/posts\/74626","targetHints":{"allow":["GET"]}}],"collection":[{"href":"https:\/\/www.egemtv.com\/index.php?rest_route=\/wp\/v2\/posts"}],"about":[{"href":"https:\/\/www.egemtv.com\/index.php?rest_route=\/wp\/v2\/types\/post"}],"author":[{"embeddable":true,"href":"https:\/\/www.egemtv.com\/index.php?rest_route=\/wp\/v2\/users\/1"}],"replies":[{"embeddable":true,"href":"https:\/\/www.egemtv.com\/index.php?rest_route=%2Fwp%2Fv2%2Fcomments&post=74626"}],"version-history":[{"count":1,"href":"https:\/\/www.egemtv.com\/index.php?rest_route=\/wp\/v2\/posts\/74626\/revisions"}],"predecessor-version":[{"id":74628,"href":"https:\/\/www.egemtv.com\/index.php?rest_route=\/wp\/v2\/posts\/74626\/revisions\/74628"}],"wp:featuredmedia":[{"embeddable":true,"href":"https:\/\/www.egemtv.com\/index.php?rest_route=\/wp\/v2\/media\/74627"}],"wp:attachment":[{"href":"https:\/\/www.egemtv.com\/index.php?rest_route=%2Fwp%2Fv2%2Fmedia&parent=74626"}],"wp:term":[{"taxonomy":"category","embeddable":true,"href":"https:\/\/www.egemtv.com\/index.php?rest_route=%2Fwp%2Fv2%2Fcategories&post=74626"},{"taxonomy":"post_tag","embeddable":true,"href":"https:\/\/www.egemtv.com\/index.php?rest_route=%2Fwp%2Fv2%2Ftags&post=74626"}],"curies":[{"name":"wp","href":"https:\/\/api.w.org\/{rel}","templated":true}]}}