{"id":74623,"date":"2025-12-17T09:54:58","date_gmt":"2025-12-17T06:54:58","guid":{"rendered":"https:\/\/www.egemtv.com\/?p=74623"},"modified":"2025-12-17T09:54:58","modified_gmt":"2025-12-17T06:54:58","slug":"baskan-cercioglundan-didime-370-milyon-tl-degerinde-altyapi-yatirimi","status":"publish","type":"post","link":"https:\/\/www.egemtv.com\/?p=74623","title":{"rendered":"Ba\u015fkan \u00c7er\u00e7io\u011flu\u2019ndan Didim\u2019e 370 milyon TL de\u011ferinde altyap\u0131 yat\u0131r\u0131m\u0131"},"content":{"rendered":"<p>Ayd\u0131n B\u00fcy\u00fck\u015fehir Belediyesi ve Ayd\u0131n Su ve Kanalizasyon \u0130daresi Genel M\u00fcd\u00fcrl\u00fc\u011f\u00fc (ASK\u0130) taraf\u0131ndan Didim il\u00e7esinde y\u00fcr\u00fct\u00fclen altyap\u0131 \u00e7al\u0131\u015fmalar\u0131 aral\u0131ks\u0131z s\u00fcr\u00fcyor.<\/p>\n<p>ASK\u0130 taraf\u0131ndan Akb\u00fck kanalizasyon kolekt\u00f6r ve terfi merkezleri yap\u0131m i\u015fi kapsam\u0131nda s\u00fcrd\u00fcr\u00fclen ve 370 milyon T\u00fcrk Liras\u0131 maliyete sahip proje k\u0131sa s\u00fcre i\u00e7erisinde tamamlanacak. Akb\u00fck, Fevzipa\u015fa ve Denizk\u00f6y Mahallelerini kapsayan \u00e7al\u0131\u015fma kapsam\u0131nda; 5 adet terfi merkezi istasyonu, 2 adet y\u00fckleme odas\u0131, 34 bin 396 metre \u015febeke hatt\u0131, 12 bin 449 metre kollekt\u00f6r hatt\u0131, 10 bin 574 metre terfi hatt\u0131, 900 adet parsel bacas\u0131 ile 2 bin 700 metre parsel ba\u011flant\u0131s\u0131 in\u015fa edilecek.<\/p>\n<p>Y\u00fczde 75\u2019i tamamlanan dev yat\u0131r\u0131mla birlikte Akb\u00fck ve \u00e7evresindeki mahallelere modern ve g\u00fc\u00e7l\u00fc bir altyap\u0131 kazand\u0131r\u0131lm\u0131\u015f olacak.<\/p>\n<p>&#8220;T\u00fcm il\u00e7elerimizde yat\u0131r\u0131mlar\u0131m\u0131za devam edece\u011fiz&#8221;<br \/>\n<br \/>Ayd\u0131n\u2019\u0131n t\u00fcm il\u00e7elerinde alt ve \u00fcstyap\u0131 yat\u0131r\u0131mlar\u0131n\u0131n devam edece\u011fini belirten Ayd\u0131n B\u00fcy\u00fck\u015fehir Belediye Ba\u015fkan\u0131 \u00d6zlem \u00c7er\u00e7io\u011flu, &#8220;G\u00fczel Ayd\u0131n\u0131m\u0131z i\u00e7in \u00e7al\u0131\u015f\u0131yor, 17 il\u00e7emizin tamam\u0131nda projelerimizi hayata ge\u00e7iriyoruz. T\u00fcm il\u00e7elerimizde oldu\u011fu gibi Didim\u2019de de alt ve \u00fcstyap\u0131 yat\u0131r\u0131mlar\u0131m\u0131z\u0131 s\u00fcrd\u00fcr\u00fcyoruz. Vatanda\u015flar\u0131m\u0131z\u0131 hizmetlerimiz ile bulu\u015fturmaya devam edece\u011fiz&#8221; ifadelerini kulland\u0131.<br \/><\/p>\n","protected":false},"excerpt":{"rendered":"<p>Ayd\u0131n B\u00fcy\u00fck\u015fehir Belediyesi ve Ayd\u0131n Su ve Kanalizasyon \u0130daresi Genel M\u00fcd\u00fcrl\u00fc\u011f\u00fc (ASK\u0130) taraf\u0131ndan Didim il\u00e7esinde y\u00fcr\u00fct\u00fclen altyap\u0131 \u00e7al\u0131\u015fmalar\u0131 aral\u0131ks\u0131z s\u00fcr\u00fcyor. ASK\u0130 taraf\u0131ndan Akb\u00fck kanalizasyon kolekt\u00f6r ve terfi merkezleri yap\u0131m i\u015fi kapsam\u0131nda s\u00fcrd\u00fcr\u00fclen ve 370 milyon T\u00fcrk Liras\u0131 maliyete sahip proje k\u0131sa s\u00fcre i\u00e7erisinde tamamlanacak. Akb\u00fck, Fevzipa\u015fa ve Denizk\u00f6y Mahallelerini kapsayan \u00e7al\u0131\u015fma kapsam\u0131nda; 5 adet terfi&#8230;<\/p>\n","protected":false},"author":1,"featured_media":74624,"comment_status":"open","ping_status":"open","sticky":false,"template":"","format":"standard","meta":{"_crdt_document":"","footnotes":""},"categories":[1],"tags":[],"class_list":["post-74623","post","type-post","status-publish","format-standard","has-post-thumbnail","hentry","category-guncel"],"_links":{"self":[{"href":"https:\/\/www.egemtv.com\/index.php?rest_route=\/wp\/v2\/posts\/74623","targetHints":{"allow":["GET"]}}],"collection":[{"href":"https:\/\/www.egemtv.com\/index.php?rest_route=\/wp\/v2\/posts"}],"about":[{"href":"https:\/\/www.egemtv.com\/index.php?rest_route=\/wp\/v2\/types\/post"}],"author":[{"embeddable":true,"href":"https:\/\/www.egemtv.com\/index.php?rest_route=\/wp\/v2\/users\/1"}],"replies":[{"embeddable":true,"href":"https:\/\/www.egemtv.com\/index.php?rest_route=%2Fwp%2Fv2%2Fcomments&post=74623"}],"version-history":[{"count":1,"href":"https:\/\/www.egemtv.com\/index.php?rest_route=\/wp\/v2\/posts\/74623\/revisions"}],"predecessor-version":[{"id":74625,"href":"https:\/\/www.egemtv.com\/index.php?rest_route=\/wp\/v2\/posts\/74623\/revisions\/74625"}],"wp:featuredmedia":[{"embeddable":true,"href":"https:\/\/www.egemtv.com\/index.php?rest_route=\/wp\/v2\/media\/74624"}],"wp:attachment":[{"href":"https:\/\/www.egemtv.com\/index.php?rest_route=%2Fwp%2Fv2%2Fmedia&parent=74623"}],"wp:term":[{"taxonomy":"category","embeddable":true,"href":"https:\/\/www.egemtv.com\/index.php?rest_route=%2Fwp%2Fv2%2Fcategories&post=74623"},{"taxonomy":"post_tag","embeddable":true,"href":"https:\/\/www.egemtv.com\/index.php?rest_route=%2Fwp%2Fv2%2Ftags&post=74623"}],"curies":[{"name":"wp","href":"https:\/\/api.w.org\/{rel}","templated":true}]}}