{"id":74617,"date":"2025-12-16T22:34:30","date_gmt":"2025-12-16T19:34:30","guid":{"rendered":"https:\/\/www.egemtv.com\/?p=74617"},"modified":"2025-12-16T22:34:32","modified_gmt":"2025-12-16T19:34:32","slug":"kiralik-evde-82-duzensiz-gocmen-yakalandi","status":"publish","type":"post","link":"https:\/\/www.egemtv.com\/?p=74617","title":{"rendered":"Kiral\u0131k evde 82 d\u00fczensiz g\u00f6\u00e7men yakaland\u0131"},"content":{"rendered":"<p>Mu\u011fla\u2019n\u0131n Bodrum il\u00e7esinde yasa d\u0131\u015f\u0131 yollarla Yunanistan\u2019a ka\u00e7mak i\u00e7in gelen 30\u2019u \u00e7ocuk 82 d\u00fczensiz g\u00f6\u00e7men kald\u0131klar\u0131 kiral\u0131k evde jandarma ekiplerinin d\u00fczenledi\u011fi operasyonla yakaland\u0131.<br \/>\n<br \/>Edinilen bilgiye g\u00f6re, G\u00fcndo\u011fan K\u00fc\u00e7\u00fckb\u00fck Mahallesi\u2019nde bulunan Ege Tatil Sitesi\u2019ndeki kiral\u0131k evde ya\u015fanan dikkat \u00e7ekici hareketlilik, \u00e7evre sakinlerinin ihbar\u0131 \u00fczerine ortaya \u00e7\u0131kt\u0131. \u0130hbar\u0131n ard\u0131ndan Bodrum \u0130l\u00e7e Jandarma Komutanl\u0131\u011f\u0131 ekipleri adrese ani bask\u0131n d\u00fczenledi. Operasyonda, \u00e7o\u011funlu\u011fu Afganistan uyruklu oldu\u011fu \u00f6\u011frenilen 82 d\u00fczensiz g\u00f6\u00e7men ev i\u00e7erisinde toplu halde yakaland\u0131. G\u00f6\u00e7menlerin ka\u00e7\u0131\u015f organizasyonu i\u00e7inde olduklar\u0131 tespit edilirken, yakalananlar aras\u0131nda 30 \u00e7ocu\u011fun bulunmas\u0131 dikkat \u00e7ekti. D\u00fczensiz g\u00f6\u00e7menler, i\u015flemlerinin tamamlanmas\u0131n\u0131n ard\u0131ndan Mu\u011fla \u0130l G\u00f6\u00e7 \u0130daresi M\u00fcd\u00fcrl\u00fc\u011f\u00fc\u2019ne teslim edildi. Olayla ilgili soru\u015fturma ba\u015flat\u0131ld\u0131.<br \/><\/p>\n","protected":false},"excerpt":{"rendered":"<p>Mu\u011fla\u2019n\u0131n Bodrum il\u00e7esinde yasa d\u0131\u015f\u0131 yollarla Yunanistan\u2019a ka\u00e7mak i\u00e7in gelen 30\u2019u \u00e7ocuk 82 d\u00fczensiz g\u00f6\u00e7men kald\u0131klar\u0131 kiral\u0131k evde jandarma ekiplerinin d\u00fczenledi\u011fi operasyonla yakaland\u0131. Edinilen bilgiye g\u00f6re, G\u00fcndo\u011fan K\u00fc\u00e7\u00fckb\u00fck Mahallesi\u2019nde bulunan Ege Tatil Sitesi\u2019ndeki kiral\u0131k evde ya\u015fanan dikkat \u00e7ekici hareketlilik, \u00e7evre sakinlerinin ihbar\u0131 \u00fczerine ortaya \u00e7\u0131kt\u0131. \u0130hbar\u0131n ard\u0131ndan Bodrum \u0130l\u00e7e Jandarma Komutanl\u0131\u011f\u0131 ekipleri adrese ani bask\u0131n&#8230;<\/p>\n","protected":false},"author":1,"featured_media":74618,"comment_status":"open","ping_status":"open","sticky":false,"template":"","format":"standard","meta":{"_crdt_document":"","footnotes":""},"categories":[5],"tags":[],"class_list":["post-74617","post","type-post","status-publish","format-standard","has-post-thumbnail","hentry","category-asayis"],"_links":{"self":[{"href":"https:\/\/www.egemtv.com\/index.php?rest_route=\/wp\/v2\/posts\/74617","targetHints":{"allow":["GET"]}}],"collection":[{"href":"https:\/\/www.egemtv.com\/index.php?rest_route=\/wp\/v2\/posts"}],"about":[{"href":"https:\/\/www.egemtv.com\/index.php?rest_route=\/wp\/v2\/types\/post"}],"author":[{"embeddable":true,"href":"https:\/\/www.egemtv.com\/index.php?rest_route=\/wp\/v2\/users\/1"}],"replies":[{"embeddable":true,"href":"https:\/\/www.egemtv.com\/index.php?rest_route=%2Fwp%2Fv2%2Fcomments&post=74617"}],"version-history":[{"count":1,"href":"https:\/\/www.egemtv.com\/index.php?rest_route=\/wp\/v2\/posts\/74617\/revisions"}],"predecessor-version":[{"id":74619,"href":"https:\/\/www.egemtv.com\/index.php?rest_route=\/wp\/v2\/posts\/74617\/revisions\/74619"}],"wp:featuredmedia":[{"embeddable":true,"href":"https:\/\/www.egemtv.com\/index.php?rest_route=\/wp\/v2\/media\/74618"}],"wp:attachment":[{"href":"https:\/\/www.egemtv.com\/index.php?rest_route=%2Fwp%2Fv2%2Fmedia&parent=74617"}],"wp:term":[{"taxonomy":"category","embeddable":true,"href":"https:\/\/www.egemtv.com\/index.php?rest_route=%2Fwp%2Fv2%2Fcategories&post=74617"},{"taxonomy":"post_tag","embeddable":true,"href":"https:\/\/www.egemtv.com\/index.php?rest_route=%2Fwp%2Fv2%2Ftags&post=74617"}],"curies":[{"name":"wp","href":"https:\/\/api.w.org\/{rel}","templated":true}]}}