{"id":74614,"date":"2025-12-16T21:35:38","date_gmt":"2025-12-16T18:35:38","guid":{"rendered":"https:\/\/www.egemtv.com\/?p=74614"},"modified":"2025-12-16T21:35:38","modified_gmt":"2025-12-16T18:35:38","slug":"bodrumda-polisi-yaralayan-motosiklet-surucusu-tutuklandi","status":"publish","type":"post","link":"https:\/\/www.egemtv.com\/?p=74614","title":{"rendered":"Bodrum\u2019da polisi yaralayan motosiklet s\u00fcr\u00fcc\u00fcs\u00fc tutukland\u0131"},"content":{"rendered":"<p>Mu\u011fla\u2019n\u0131n Bodrum il\u00e7esinde kendisini yakalamak isteyen polisi s\u00fcr\u00fckleyerek yaralayan motosiklet s\u00fcr\u00fcc\u00fcs\u00fc, \u00e7\u0131kar\u0131ld\u0131\u011f\u0131 mahkemece tutuklanarak cezaevine g\u00f6nderildi.<br \/>\n<br \/>Bodrum\u2019da \u00f6zellikle ana arterlerde s\u00fcrat yaparak trafik g\u00fcvenli\u011fini tehlikeye d\u00fc\u015f\u00fcren, plakas\u0131z ve abart egzozlu motosikletlere y\u00f6nelik polis ekipleri sivil denetim ba\u015flatt\u0131. Denetimler kapsam\u0131nda d\u00fcn gece Konac\u0131k Mahallesi Atat\u00fcrk Bulvar\u0131\u2019nda bulunan bir akaryak\u0131t istasyonunda, trafi\u011fe \u00e7\u0131karak \u00e7evreyi rahats\u0131z eden 2 motosikletli sivil trafik ekiplerince durdurulmak istendi. Ka\u00e7maya \u00e7al\u0131\u015fan s\u00fcr\u00fcc\u00fclerin motosikletlerini tutan polisler, bu s\u0131rada s\u00fcr\u00fcklenerek hafif \u015fekilde yaraland\u0131. Olay\u0131n ard\u0131ndan yakalanan 2 s\u00fcr\u00fcc\u00fc g\u00f6zalt\u0131na al\u0131nd\u0131.<br \/>\n<br \/>S\u00fcr\u00fcc\u00fclere; &#8220;a\u00e7\u0131l\u0131r kapan\u0131r plaka d\u00fczene\u011fi kullanmak, plakas\u0131z motosikletle trafi\u011fe \u00e7\u0131kmak, abart egzoz kullanmak ve trafik g\u00fcvenli\u011fini tehlikeye d\u00fc\u015f\u00fcrmek&#8221; su\u00e7lar\u0131 ba\u015fta olmak \u00fczere \u00e7e\u015fitli maddelerden i\u015flem yap\u0131ld\u0131. \u015eah\u0131slara toplam 78 bin 945 TL idari para cezas\u0131 uygulan\u0131rken, motosikletler trafikten men edilerek \u00e7ekici yard\u0131m\u0131yla otoparka \u00e7ekildi.<br \/>\n<br \/>Motosikletiyle polisi s\u00fcr\u00fckleyip yaralad\u0131\u011f\u0131 iddia edilen s\u00fcr\u00fcc\u00fc, bug\u00fcn adliyeye sevk edildi. S\u00fcr\u00fcc\u00fc, \u00e7\u0131kar\u0131ld\u0131\u011f\u0131 mahkemece tutukland\u0131. Trafik g\u00fcvenli\u011fini tehlikeye atan, \u00e7evreyi rahats\u0131z eden ve yasa d\u0131\u015f\u0131 donan\u0131mlarla trafi\u011fe \u00e7\u0131kan motosikletlere y\u00f6nelik denetimlerin aral\u0131ks\u0131z s\u00fcrece\u011fi bildirildi.<br \/><\/p>\n","protected":false},"excerpt":{"rendered":"<p>Mu\u011fla\u2019n\u0131n Bodrum il\u00e7esinde kendisini yakalamak isteyen polisi s\u00fcr\u00fckleyerek yaralayan motosiklet s\u00fcr\u00fcc\u00fcs\u00fc, \u00e7\u0131kar\u0131ld\u0131\u011f\u0131 mahkemece tutuklanarak cezaevine g\u00f6nderildi. Bodrum\u2019da \u00f6zellikle ana arterlerde s\u00fcrat yaparak trafik g\u00fcvenli\u011fini tehlikeye d\u00fc\u015f\u00fcren, plakas\u0131z ve abart egzozlu motosikletlere y\u00f6nelik polis ekipleri sivil denetim ba\u015flatt\u0131. Denetimler kapsam\u0131nda d\u00fcn gece Konac\u0131k Mahallesi Atat\u00fcrk Bulvar\u0131\u2019nda bulunan bir akaryak\u0131t istasyonunda, trafi\u011fe \u00e7\u0131karak \u00e7evreyi rahats\u0131z eden 2&#8230;<\/p>\n","protected":false},"author":1,"featured_media":74615,"comment_status":"open","ping_status":"open","sticky":false,"template":"","format":"standard","meta":{"_crdt_document":"","footnotes":""},"categories":[5],"tags":[],"class_list":["post-74614","post","type-post","status-publish","format-standard","has-post-thumbnail","hentry","category-asayis"],"_links":{"self":[{"href":"https:\/\/www.egemtv.com\/index.php?rest_route=\/wp\/v2\/posts\/74614","targetHints":{"allow":["GET"]}}],"collection":[{"href":"https:\/\/www.egemtv.com\/index.php?rest_route=\/wp\/v2\/posts"}],"about":[{"href":"https:\/\/www.egemtv.com\/index.php?rest_route=\/wp\/v2\/types\/post"}],"author":[{"embeddable":true,"href":"https:\/\/www.egemtv.com\/index.php?rest_route=\/wp\/v2\/users\/1"}],"replies":[{"embeddable":true,"href":"https:\/\/www.egemtv.com\/index.php?rest_route=%2Fwp%2Fv2%2Fcomments&post=74614"}],"version-history":[{"count":1,"href":"https:\/\/www.egemtv.com\/index.php?rest_route=\/wp\/v2\/posts\/74614\/revisions"}],"predecessor-version":[{"id":74616,"href":"https:\/\/www.egemtv.com\/index.php?rest_route=\/wp\/v2\/posts\/74614\/revisions\/74616"}],"wp:featuredmedia":[{"embeddable":true,"href":"https:\/\/www.egemtv.com\/index.php?rest_route=\/wp\/v2\/media\/74615"}],"wp:attachment":[{"href":"https:\/\/www.egemtv.com\/index.php?rest_route=%2Fwp%2Fv2%2Fmedia&parent=74614"}],"wp:term":[{"taxonomy":"category","embeddable":true,"href":"https:\/\/www.egemtv.com\/index.php?rest_route=%2Fwp%2Fv2%2Fcategories&post=74614"},{"taxonomy":"post_tag","embeddable":true,"href":"https:\/\/www.egemtv.com\/index.php?rest_route=%2Fwp%2Fv2%2Ftags&post=74614"}],"curies":[{"name":"wp","href":"https:\/\/api.w.org\/{rel}","templated":true}]}}