{"id":74611,"date":"2025-12-16T21:35:37","date_gmt":"2025-12-16T18:35:37","guid":{"rendered":"https:\/\/www.egemtv.com\/?p=74611"},"modified":"2025-12-16T21:35:38","modified_gmt":"2025-12-16T18:35:38","slug":"baskan-gunelden-durbayin-ailesine-taziye-ziyareti","status":"publish","type":"post","link":"https:\/\/www.egemtv.com\/?p=74611","title":{"rendered":"Ba\u015fkan G\u00fcnel\u2019den Durbay\u2019\u0131n ailesine taziye ziyareti"},"content":{"rendered":"<p>Ku\u015fadas\u0131 Belediye Ba\u015fkan\u0131 ve CHP Grup Ba\u015fkan Vekili \u00d6mer G\u00fcnel, tedavi g\u00f6rd\u00fc\u011f\u00fc hastanede hayat\u0131n\u0131 kaybeden Manisa\u2019n\u0131n \u015eehzadeler Belediye Ba\u015fkan\u0131 G\u00fcl\u015fah Durbay i\u00e7in d\u00fczenlenen taziyeye kat\u0131ld\u0131.<\/p>\n<p>Bir s\u00fcredir kolon kanseri tedavisi g\u00f6ren \u015eehzadeler Belediye Ba\u015fkan\u0131 G\u00fcl\u015fah Durbay, 14 Aral\u0131k\u2019ta ya\u015fam\u0131n\u0131 yitirdi. Durbay, d\u00fcn \u015eehzadeler Belediyesi \u00f6n\u00fcnde d\u00fczenlenen t\u00f6renin ard\u0131ndan memleketi Saruhanl\u0131\u2019n\u0131n Koldere Mahalle Mezarl\u0131\u011f\u0131\u2019nda g\u00f6zya\u015flar\u0131 i\u00e7inde topra\u011fa verildi. CHP Genel Ba\u015fkan\u0131 \u00d6zg\u00fcr \u00d6zel, G\u00fcl\u015fah Durbay\u2019\u0131n annesi Fatma Durbay ve babas\u0131 Osman Durbay ile birlikte bug\u00fcn Manisa\u2019n\u0131n \u015eehzadeler il\u00e7esindeki Fatih Sergi Salonu\u2019nda taziyeleri kabul etti. Ku\u015fadas\u0131 Belediye Ba\u015fkan\u0131 \u00d6mer G\u00fcnel\u2019de Manisa\u2019ya gidip, CHP Genel Ba\u015fkan\u0131 \u00d6zel, Durbay\u2019\u0131n ailesi, yak\u0131nlar\u0131 ve sevenlerine ba\u015fsa\u011fl\u0131\u011f\u0131 diledi. Ba\u015fkan \u00d6mer G\u00fcnel sosyal medya hesaplar\u0131ndan yay\u0131mlad\u0131\u011f\u0131 taziye mesaj\u0131nda da &#8220;G\u00fcl\u015fah Ba\u015fkan\u0131m\u0131za bir kez daha Allah\u2019tan rahmet, ailesine ve sevenlerine ba\u015fsa\u011fl\u0131\u011f\u0131 ve sab\u0131r diliyorum&#8221; ifadelerine yer verdi.<br \/><\/p>\n","protected":false},"excerpt":{"rendered":"<p>Ku\u015fadas\u0131 Belediye Ba\u015fkan\u0131 ve CHP Grup Ba\u015fkan Vekili \u00d6mer G\u00fcnel, tedavi g\u00f6rd\u00fc\u011f\u00fc hastanede hayat\u0131n\u0131 kaybeden Manisa\u2019n\u0131n \u015eehzadeler Belediye Ba\u015fkan\u0131 G\u00fcl\u015fah Durbay i\u00e7in d\u00fczenlenen taziyeye kat\u0131ld\u0131. Bir s\u00fcredir kolon kanseri tedavisi g\u00f6ren \u015eehzadeler Belediye Ba\u015fkan\u0131 G\u00fcl\u015fah Durbay, 14 Aral\u0131k\u2019ta ya\u015fam\u0131n\u0131 yitirdi. Durbay, d\u00fcn \u015eehzadeler Belediyesi \u00f6n\u00fcnde d\u00fczenlenen t\u00f6renin ard\u0131ndan memleketi Saruhanl\u0131\u2019n\u0131n Koldere Mahalle Mezarl\u0131\u011f\u0131\u2019nda g\u00f6zya\u015flar\u0131 i\u00e7inde&#8230;<\/p>\n","protected":false},"author":1,"featured_media":74612,"comment_status":"open","ping_status":"open","sticky":false,"template":"","format":"standard","meta":{"_crdt_document":"","footnotes":""},"categories":[127],"tags":[],"class_list":["post-74611","post","type-post","status-publish","format-standard","has-post-thumbnail","hentry","category-siyaset"],"_links":{"self":[{"href":"https:\/\/www.egemtv.com\/index.php?rest_route=\/wp\/v2\/posts\/74611","targetHints":{"allow":["GET"]}}],"collection":[{"href":"https:\/\/www.egemtv.com\/index.php?rest_route=\/wp\/v2\/posts"}],"about":[{"href":"https:\/\/www.egemtv.com\/index.php?rest_route=\/wp\/v2\/types\/post"}],"author":[{"embeddable":true,"href":"https:\/\/www.egemtv.com\/index.php?rest_route=\/wp\/v2\/users\/1"}],"replies":[{"embeddable":true,"href":"https:\/\/www.egemtv.com\/index.php?rest_route=%2Fwp%2Fv2%2Fcomments&post=74611"}],"version-history":[{"count":1,"href":"https:\/\/www.egemtv.com\/index.php?rest_route=\/wp\/v2\/posts\/74611\/revisions"}],"predecessor-version":[{"id":74613,"href":"https:\/\/www.egemtv.com\/index.php?rest_route=\/wp\/v2\/posts\/74611\/revisions\/74613"}],"wp:featuredmedia":[{"embeddable":true,"href":"https:\/\/www.egemtv.com\/index.php?rest_route=\/wp\/v2\/media\/74612"}],"wp:attachment":[{"href":"https:\/\/www.egemtv.com\/index.php?rest_route=%2Fwp%2Fv2%2Fmedia&parent=74611"}],"wp:term":[{"taxonomy":"category","embeddable":true,"href":"https:\/\/www.egemtv.com\/index.php?rest_route=%2Fwp%2Fv2%2Fcategories&post=74611"},{"taxonomy":"post_tag","embeddable":true,"href":"https:\/\/www.egemtv.com\/index.php?rest_route=%2Fwp%2Fv2%2Ftags&post=74611"}],"curies":[{"name":"wp","href":"https:\/\/api.w.org\/{rel}","templated":true}]}}