{"id":74608,"date":"2025-12-16T20:54:41","date_gmt":"2025-12-16T17:54:41","guid":{"rendered":"https:\/\/www.egemtv.com\/?p=74608"},"modified":"2025-12-16T20:54:42","modified_gmt":"2025-12-16T17:54:42","slug":"karayolunda-durumlarindan-suphelenilen-sahislarda-kacak-parfum-ele-gecirildi","status":"publish","type":"post","link":"https:\/\/www.egemtv.com\/?p=74608","title":{"rendered":"Karayolunda durumlar\u0131ndan \u015f\u00fcphelenilen \u015fah\u0131slarda ka\u00e7ak parf\u00fcm ele ge\u00e7irildi"},"content":{"rendered":"<p>Ortaca \u0130l\u00e7e Emniyet M\u00fcd\u00fcrl\u00fc\u011f\u00fc ekiplerince K\u00f6yce\u011fiz karayolu \u00fczerinde yaya halde ve s\u0131rt \u00e7antalar\u0131 bulunan, durumlar\u0131ndan \u015f\u00fcphelenilen 3 \u015fahs\u0131n \u00fczerlerinde ve s\u0131rt \u00e7antalar\u0131nda arama yap\u0131ld\u0131.<br \/>\n<br \/>Yap\u0131lan aramada; 6 adet ak\u0131ll\u0131 saat, 3 adet kulakl\u0131k, 9 adet powerbank ve 218 adet \u00e7e\u015fitli markalarda ka\u00e7ak parf\u00fcm ele ge\u00e7irildi. Ele ge\u00e7irilen malzemeler Ka\u00e7ak\u00e7\u0131l\u0131k ile M\u00fccadele Kanunu kapsam\u0131nda de\u011ferlendirilerek muhafaza alt\u0131na al\u0131n\u0131rken, \u015fah\u0131slar hakk\u0131nda adli i\u015flemlere ba\u015flan\u0131ld\u0131\u011f\u0131 a\u00e7\u0131kland\u0131.<br \/><\/p>\n","protected":false},"excerpt":{"rendered":"<p>Ortaca \u0130l\u00e7e Emniyet M\u00fcd\u00fcrl\u00fc\u011f\u00fc ekiplerince K\u00f6yce\u011fiz karayolu \u00fczerinde yaya halde ve s\u0131rt \u00e7antalar\u0131 bulunan, durumlar\u0131ndan \u015f\u00fcphelenilen 3 \u015fahs\u0131n \u00fczerlerinde ve s\u0131rt \u00e7antalar\u0131nda arama yap\u0131ld\u0131. Yap\u0131lan aramada; 6 adet ak\u0131ll\u0131 saat, 3 adet kulakl\u0131k, 9 adet powerbank ve 218 adet \u00e7e\u015fitli markalarda ka\u00e7ak parf\u00fcm ele ge\u00e7irildi. Ele ge\u00e7irilen malzemeler Ka\u00e7ak\u00e7\u0131l\u0131k ile M\u00fccadele Kanunu kapsam\u0131nda de\u011ferlendirilerek muhafaza&#8230;<\/p>\n","protected":false},"author":1,"featured_media":74609,"comment_status":"open","ping_status":"open","sticky":false,"template":"","format":"standard","meta":{"_crdt_document":"","footnotes":""},"categories":[5],"tags":[],"class_list":["post-74608","post","type-post","status-publish","format-standard","has-post-thumbnail","hentry","category-asayis"],"_links":{"self":[{"href":"https:\/\/www.egemtv.com\/index.php?rest_route=\/wp\/v2\/posts\/74608","targetHints":{"allow":["GET"]}}],"collection":[{"href":"https:\/\/www.egemtv.com\/index.php?rest_route=\/wp\/v2\/posts"}],"about":[{"href":"https:\/\/www.egemtv.com\/index.php?rest_route=\/wp\/v2\/types\/post"}],"author":[{"embeddable":true,"href":"https:\/\/www.egemtv.com\/index.php?rest_route=\/wp\/v2\/users\/1"}],"replies":[{"embeddable":true,"href":"https:\/\/www.egemtv.com\/index.php?rest_route=%2Fwp%2Fv2%2Fcomments&post=74608"}],"version-history":[{"count":1,"href":"https:\/\/www.egemtv.com\/index.php?rest_route=\/wp\/v2\/posts\/74608\/revisions"}],"predecessor-version":[{"id":74610,"href":"https:\/\/www.egemtv.com\/index.php?rest_route=\/wp\/v2\/posts\/74608\/revisions\/74610"}],"wp:featuredmedia":[{"embeddable":true,"href":"https:\/\/www.egemtv.com\/index.php?rest_route=\/wp\/v2\/media\/74609"}],"wp:attachment":[{"href":"https:\/\/www.egemtv.com\/index.php?rest_route=%2Fwp%2Fv2%2Fmedia&parent=74608"}],"wp:term":[{"taxonomy":"category","embeddable":true,"href":"https:\/\/www.egemtv.com\/index.php?rest_route=%2Fwp%2Fv2%2Fcategories&post=74608"},{"taxonomy":"post_tag","embeddable":true,"href":"https:\/\/www.egemtv.com\/index.php?rest_route=%2Fwp%2Fv2%2Ftags&post=74608"}],"curies":[{"name":"wp","href":"https:\/\/api.w.org\/{rel}","templated":true}]}}