{"id":74605,"date":"2025-12-16T20:54:40","date_gmt":"2025-12-16T17:54:40","guid":{"rendered":"https:\/\/www.egemtv.com\/?p=74605"},"modified":"2025-12-16T20:54:41","modified_gmt":"2025-12-16T17:54:41","slug":"aranan-2-sahis-yakalanarak-cezaevine-teslim-edildi","status":"publish","type":"post","link":"https:\/\/www.egemtv.com\/?p=74605","title":{"rendered":"Aranan 2 \u015fah\u0131s yakalanarak cezaevine teslim edildi"},"content":{"rendered":"<p>Mu\u011fla \u0130l Emniyet M\u00fcd\u00fcrl\u00fc\u011f\u00fc ekiplerince 8-14 Aral\u0131k tarihleri aras\u0131nda Mu\u011fla genelinde aranan \u015fah\u0131slar\u0131n yakalanmas\u0131na y\u00f6nelik yap\u01311an \u00e7al\u0131\u015fmalarda 2 \u015fah\u0131s yakalanarak cezaevine teslim edildi.<br \/>\n<br \/>Yap\u0131lan arama \u00e7al\u0131\u015fmalar\u0131nda birden fazla ki\u015fi taraf\u0131ndan gece vakti ya\u011fma su\u00e7undan 29 y\u0131l 5 ay hapis cezas\u0131 ile aranan \u015fah\u0131s Fethiye \u0130l\u00e7e Emniyet M\u00fcd\u00fcrl\u00fc\u011f\u00fcnce, Uyu\u015fturucu veya uyar\u0131c\u0131 madde ticareti yapma veya sa\u011flama su\u00e7undan 26 y\u0131l 5 ay 15 g\u00fcn hapis cezas\u0131 ile aranan \u015fah\u0131s Narkotik Su\u00e7larla M\u00fccadele \u015eube M\u00fcd\u00fcrl\u00fc\u011f\u00fcnce yakaland\u0131.<br \/>\n<br \/>Yakalanan iki \u015fah\u0131s da i\u015flemlerinin ard\u0131ndan cezaevlerine teslim edildiler.<br \/><\/p>\n","protected":false},"excerpt":{"rendered":"<p>Mu\u011fla \u0130l Emniyet M\u00fcd\u00fcrl\u00fc\u011f\u00fc ekiplerince 8-14 Aral\u0131k tarihleri aras\u0131nda Mu\u011fla genelinde aranan \u015fah\u0131slar\u0131n yakalanmas\u0131na y\u00f6nelik yap\u01311an \u00e7al\u0131\u015fmalarda 2 \u015fah\u0131s yakalanarak cezaevine teslim edildi. Yap\u0131lan arama \u00e7al\u0131\u015fmalar\u0131nda birden fazla ki\u015fi taraf\u0131ndan gece vakti ya\u011fma su\u00e7undan 29 y\u0131l 5 ay hapis cezas\u0131 ile aranan \u015fah\u0131s Fethiye \u0130l\u00e7e Emniyet M\u00fcd\u00fcrl\u00fc\u011f\u00fcnce, Uyu\u015fturucu veya uyar\u0131c\u0131 madde ticareti yapma veya sa\u011flama&#8230;<\/p>\n","protected":false},"author":1,"featured_media":74606,"comment_status":"open","ping_status":"open","sticky":false,"template":"","format":"standard","meta":{"_crdt_document":"","footnotes":""},"categories":[5],"tags":[],"class_list":["post-74605","post","type-post","status-publish","format-standard","has-post-thumbnail","hentry","category-asayis"],"_links":{"self":[{"href":"https:\/\/www.egemtv.com\/index.php?rest_route=\/wp\/v2\/posts\/74605","targetHints":{"allow":["GET"]}}],"collection":[{"href":"https:\/\/www.egemtv.com\/index.php?rest_route=\/wp\/v2\/posts"}],"about":[{"href":"https:\/\/www.egemtv.com\/index.php?rest_route=\/wp\/v2\/types\/post"}],"author":[{"embeddable":true,"href":"https:\/\/www.egemtv.com\/index.php?rest_route=\/wp\/v2\/users\/1"}],"replies":[{"embeddable":true,"href":"https:\/\/www.egemtv.com\/index.php?rest_route=%2Fwp%2Fv2%2Fcomments&post=74605"}],"version-history":[{"count":1,"href":"https:\/\/www.egemtv.com\/index.php?rest_route=\/wp\/v2\/posts\/74605\/revisions"}],"predecessor-version":[{"id":74607,"href":"https:\/\/www.egemtv.com\/index.php?rest_route=\/wp\/v2\/posts\/74605\/revisions\/74607"}],"wp:featuredmedia":[{"embeddable":true,"href":"https:\/\/www.egemtv.com\/index.php?rest_route=\/wp\/v2\/media\/74606"}],"wp:attachment":[{"href":"https:\/\/www.egemtv.com\/index.php?rest_route=%2Fwp%2Fv2%2Fmedia&parent=74605"}],"wp:term":[{"taxonomy":"category","embeddable":true,"href":"https:\/\/www.egemtv.com\/index.php?rest_route=%2Fwp%2Fv2%2Fcategories&post=74605"},{"taxonomy":"post_tag","embeddable":true,"href":"https:\/\/www.egemtv.com\/index.php?rest_route=%2Fwp%2Fv2%2Ftags&post=74605"}],"curies":[{"name":"wp","href":"https:\/\/api.w.org\/{rel}","templated":true}]}}