{"id":74602,"date":"2025-12-16T18:54:38","date_gmt":"2025-12-16T15:54:38","guid":{"rendered":"https:\/\/www.egemtv.com\/?p=74602"},"modified":"2025-12-16T18:54:39","modified_gmt":"2025-12-16T15:54:39","slug":"buldan-gogus-hastaliklari-hastanesine-yeni-bashekim","status":"publish","type":"post","link":"https:\/\/www.egemtv.com\/?p=74602","title":{"rendered":"Buldan G\u00f6\u011f\u00fcs Hastal\u0131klar\u0131 Hastanesine yeni ba\u015fhekim"},"content":{"rendered":"<p>DEN\u0130ZL\u0130 (\u0130HA) \u2013 Denizli\u2019de Buldan G\u00f6\u011f\u00fcs Hastal\u0131klar\u0131 Hastanesi Ba\u015fhekimli\u011fi g\u00f6revine Uzm. Dr. Nurettin \u015eahin atand\u0131.<\/p>\n<p>Buldan G\u00f6\u011f\u00fcs Hastal\u0131klar\u0131 Hastanesi Ba\u015fhekimli\u011fi g\u00f6revine hastanede G\u00f6\u011f\u00fcs Hastal\u0131klar\u0131 Uzman\u0131 olarak g\u00f6rev yapan Dr. Nurettin \u015eahin atand\u0131. \u015eahin\u2019den \u00f6nce bu g\u00f6revi G\u00f6\u011f\u00fcs Hastal\u0131klar\u0131 Uzman\u0131 Dr. Hamdi Top\u00e7u y\u00fcr\u00fct\u00fcyordu.<br \/><\/p>\n","protected":false},"excerpt":{"rendered":"<p>DEN\u0130ZL\u0130 (\u0130HA) \u2013 Denizli\u2019de Buldan G\u00f6\u011f\u00fcs Hastal\u0131klar\u0131 Hastanesi Ba\u015fhekimli\u011fi g\u00f6revine Uzm. Dr. Nurettin \u015eahin atand\u0131. Buldan G\u00f6\u011f\u00fcs Hastal\u0131klar\u0131 Hastanesi Ba\u015fhekimli\u011fi g\u00f6revine hastanede G\u00f6\u011f\u00fcs Hastal\u0131klar\u0131 Uzman\u0131 olarak g\u00f6rev yapan Dr. Nurettin \u015eahin atand\u0131. \u015eahin\u2019den \u00f6nce bu g\u00f6revi G\u00f6\u011f\u00fcs Hastal\u0131klar\u0131 Uzman\u0131 Dr. Hamdi Top\u00e7u y\u00fcr\u00fct\u00fcyordu.<\/p>\n","protected":false},"author":1,"featured_media":74603,"comment_status":"open","ping_status":"open","sticky":false,"template":"","format":"standard","meta":{"_crdt_document":"","footnotes":""},"categories":[2],"tags":[],"class_list":["post-74602","post","type-post","status-publish","format-standard","has-post-thumbnail","hentry","category-saglik"],"_links":{"self":[{"href":"https:\/\/www.egemtv.com\/index.php?rest_route=\/wp\/v2\/posts\/74602","targetHints":{"allow":["GET"]}}],"collection":[{"href":"https:\/\/www.egemtv.com\/index.php?rest_route=\/wp\/v2\/posts"}],"about":[{"href":"https:\/\/www.egemtv.com\/index.php?rest_route=\/wp\/v2\/types\/post"}],"author":[{"embeddable":true,"href":"https:\/\/www.egemtv.com\/index.php?rest_route=\/wp\/v2\/users\/1"}],"replies":[{"embeddable":true,"href":"https:\/\/www.egemtv.com\/index.php?rest_route=%2Fwp%2Fv2%2Fcomments&post=74602"}],"version-history":[{"count":1,"href":"https:\/\/www.egemtv.com\/index.php?rest_route=\/wp\/v2\/posts\/74602\/revisions"}],"predecessor-version":[{"id":74604,"href":"https:\/\/www.egemtv.com\/index.php?rest_route=\/wp\/v2\/posts\/74602\/revisions\/74604"}],"wp:featuredmedia":[{"embeddable":true,"href":"https:\/\/www.egemtv.com\/index.php?rest_route=\/wp\/v2\/media\/74603"}],"wp:attachment":[{"href":"https:\/\/www.egemtv.com\/index.php?rest_route=%2Fwp%2Fv2%2Fmedia&parent=74602"}],"wp:term":[{"taxonomy":"category","embeddable":true,"href":"https:\/\/www.egemtv.com\/index.php?rest_route=%2Fwp%2Fv2%2Fcategories&post=74602"},{"taxonomy":"post_tag","embeddable":true,"href":"https:\/\/www.egemtv.com\/index.php?rest_route=%2Fwp%2Fv2%2Ftags&post=74602"}],"curies":[{"name":"wp","href":"https:\/\/api.w.org\/{rel}","templated":true}]}}