{"id":74596,"date":"2025-12-16T17:14:44","date_gmt":"2025-12-16T14:14:44","guid":{"rendered":"https:\/\/www.egemtv.com\/?p=74596"},"modified":"2025-12-16T17:14:44","modified_gmt":"2025-12-16T14:14:44","slug":"adulu-guresci-turkiye-sampiyonu-oldu","status":"publish","type":"post","link":"https:\/\/www.egemtv.com\/?p=74596","title":{"rendered":"AD\u00dc\u2019l\u00fc g\u00fcre\u015f\u00e7i T\u00fcrkiye \u015fampiyonu oldu"},"content":{"rendered":"<p>Gaziantep\u2019te d\u00fczenlenen B\u00fcy\u00fckler T\u00fcrkiye G\u00fcre\u015f \u015eampiyonas\u0131\u2019nda m\u00fccadele eden Ayd\u0131n Adnan Menderes \u00dcniversitesi \u00f6\u011frencisi Muhammet Emin \u00c7ak\u0131r, 55 kilogram Grekoromen stil kategorisinde T\u00fcrkiye \u015eampiyonu oldu.<\/p>\n<p>Gaziantep\u2019in ev sahipli\u011finde ger\u00e7ekle\u015ftirilen B\u00fcy\u00fckler T\u00fcrkiye G\u00fcre\u015f \u015eampiyonas\u0131\u2019nda Ayd\u0131n Adnan Menderes \u00dcniversitesi \u00f6\u011frencisi Muhammet Emin \u00c7ak\u0131r, 55 kilogram Grekoromen stil kategorisinde sergiledi\u011fi \u00fcst\u00fcn performansla T\u00fcrkiye \u015eampiyonu oldu. Zorlu m\u00fcsabakalar boyunca rakiplerini geride b\u0131rakarak \u015fampiyonlu\u011fa ula\u015fan \u00c7ak\u0131r, elde etti\u011fi bu ba\u015far\u0131yla hem \u00fcniversitesini hem de Ayd\u0131n\u2019\u0131 gururland\u0131rd\u0131. Ba\u015far\u0131ya ili\u015fkin de\u011ferlendirmede bulunan AD\u00dc Rekt\u00f6r\u00fc Prof. Dr. B\u00fclent Kent, \u00f6\u011frencinin elde etti\u011fi derecenin b\u00fcy\u00fck bir gurur kayna\u011f\u0131 oldu\u011funu belirterek, &#8220;Sporun disiplin, azim ve kararl\u0131l\u0131k gerektiren y\u00f6nlerini en iyi \u015fekilde yans\u0131tan bu ba\u015far\u0131da eme\u011fi ge\u00e7en \u00f6\u011frencimizi ve antren\u00f6rlerini tebrik ediyorum. \u00dcniversite olarak sporcu \u00f6\u011frencilerimizi her alanda desteklemeye devam edece\u011fiz&#8221; ifadelerini kulland\u0131.<\/p>\n<p>Ayd\u0131n Adnan Menderes \u00dcniversitesi de yapt\u0131\u011f\u0131 payla\u015f\u0131mla, T\u00fcrkiye \u015eampiyonu olan \u00f6\u011frencisi Muhammet Emin \u00c7ak\u0131r\u2019\u0131 tebrik ederken, spor ya\u015fam\u0131 ve akademik kariyerinde ba\u015far\u0131lar\u0131n\u0131n devam\u0131n\u0131 diledi.<br \/><\/p>\n","protected":false},"excerpt":{"rendered":"<p>Gaziantep\u2019te d\u00fczenlenen B\u00fcy\u00fckler T\u00fcrkiye G\u00fcre\u015f \u015eampiyonas\u0131\u2019nda m\u00fccadele eden Ayd\u0131n Adnan Menderes \u00dcniversitesi \u00f6\u011frencisi Muhammet Emin \u00c7ak\u0131r, 55 kilogram Grekoromen stil kategorisinde T\u00fcrkiye \u015eampiyonu oldu. Gaziantep\u2019in ev sahipli\u011finde ger\u00e7ekle\u015ftirilen B\u00fcy\u00fckler T\u00fcrkiye G\u00fcre\u015f \u015eampiyonas\u0131\u2019nda Ayd\u0131n Adnan Menderes \u00dcniversitesi \u00f6\u011frencisi Muhammet Emin \u00c7ak\u0131r, 55 kilogram Grekoromen stil kategorisinde sergiledi\u011fi \u00fcst\u00fcn performansla T\u00fcrkiye \u015eampiyonu oldu. Zorlu m\u00fcsabakalar boyunca rakiplerini&#8230;<\/p>\n","protected":false},"author":1,"featured_media":74597,"comment_status":"open","ping_status":"open","sticky":false,"template":"","format":"standard","meta":{"_crdt_document":"","footnotes":""},"categories":[4],"tags":[],"class_list":["post-74596","post","type-post","status-publish","format-standard","has-post-thumbnail","hentry","category-spor"],"_links":{"self":[{"href":"https:\/\/www.egemtv.com\/index.php?rest_route=\/wp\/v2\/posts\/74596","targetHints":{"allow":["GET"]}}],"collection":[{"href":"https:\/\/www.egemtv.com\/index.php?rest_route=\/wp\/v2\/posts"}],"about":[{"href":"https:\/\/www.egemtv.com\/index.php?rest_route=\/wp\/v2\/types\/post"}],"author":[{"embeddable":true,"href":"https:\/\/www.egemtv.com\/index.php?rest_route=\/wp\/v2\/users\/1"}],"replies":[{"embeddable":true,"href":"https:\/\/www.egemtv.com\/index.php?rest_route=%2Fwp%2Fv2%2Fcomments&post=74596"}],"version-history":[{"count":1,"href":"https:\/\/www.egemtv.com\/index.php?rest_route=\/wp\/v2\/posts\/74596\/revisions"}],"predecessor-version":[{"id":74598,"href":"https:\/\/www.egemtv.com\/index.php?rest_route=\/wp\/v2\/posts\/74596\/revisions\/74598"}],"wp:featuredmedia":[{"embeddable":true,"href":"https:\/\/www.egemtv.com\/index.php?rest_route=\/wp\/v2\/media\/74597"}],"wp:attachment":[{"href":"https:\/\/www.egemtv.com\/index.php?rest_route=%2Fwp%2Fv2%2Fmedia&parent=74596"}],"wp:term":[{"taxonomy":"category","embeddable":true,"href":"https:\/\/www.egemtv.com\/index.php?rest_route=%2Fwp%2Fv2%2Fcategories&post=74596"},{"taxonomy":"post_tag","embeddable":true,"href":"https:\/\/www.egemtv.com\/index.php?rest_route=%2Fwp%2Fv2%2Ftags&post=74596"}],"curies":[{"name":"wp","href":"https:\/\/api.w.org\/{rel}","templated":true}]}}