{"id":74590,"date":"2025-12-16T16:54:50","date_gmt":"2025-12-16T13:54:50","guid":{"rendered":"https:\/\/www.egemtv.com\/?p=74590"},"modified":"2025-12-16T16:54:50","modified_gmt":"2025-12-16T13:54:50","slug":"polis-3-farkli-suctan-hapis-cezasi-ile-aranan-sahsi-yakaladi","status":"publish","type":"post","link":"https:\/\/www.egemtv.com\/?p=74590","title":{"rendered":"Polis 3 farkl\u0131 su\u00e7tan hapis cezas\u0131 ile aranan \u015fahs\u0131 yakalad\u0131"},"content":{"rendered":"<p>Afyonkarahisar\u2019da 3 farkl\u0131 dosyadan 27 y\u0131l 3 ay 22 g\u00fcn hapis cezas\u0131 ile aranan bir \u015fah\u0131s polisin ba\u015far\u0131l\u0131 takibi sonras\u0131 yakaland\u0131.<br \/>\n<br \/>Edinilen bilgilere g\u00f6re \u0130l Emniyet M\u00fcd\u00fcrl\u00fc\u011f\u00fcne ba\u011fl\u0131 ekipler taraf\u0131ndan aranan \u015fah\u0131slar\u0131n yakalanmas\u0131n\u0131 y\u00f6nelik \u00e7al\u0131\u015fma ba\u015flat\u0131ld\u0131. Yap\u0131lan incelemelerde A.C., isimli \u015fahs\u0131n 3 farkl\u0131 su\u00e7tan 27 y\u0131l 3 ay 22 g\u00fcn hapis cezas\u0131 ve 169 bin 660 TL adli para cezas\u0131 ile arand\u0131\u011f\u0131 tespit edildi. Ard\u0131ndan \u015fahs\u0131n pe\u015fine d\u00fc\u015fen ekipler \u015f\u00fcpheliyi kent merkezinde yakalayarak g\u00f6zalt\u0131na ald\u0131. \u015eah\u0131s i\u015flemlerinin ard\u0131ndan sevk edildi\u011fi mahkeme taraf\u0131ndan tutuklanarak cezaevine g\u00f6nderildi.<br \/><\/p>\n","protected":false},"excerpt":{"rendered":"<p>Afyonkarahisar\u2019da 3 farkl\u0131 dosyadan 27 y\u0131l 3 ay 22 g\u00fcn hapis cezas\u0131 ile aranan bir \u015fah\u0131s polisin ba\u015far\u0131l\u0131 takibi sonras\u0131 yakaland\u0131. Edinilen bilgilere g\u00f6re \u0130l Emniyet M\u00fcd\u00fcrl\u00fc\u011f\u00fcne ba\u011fl\u0131 ekipler taraf\u0131ndan aranan \u015fah\u0131slar\u0131n yakalanmas\u0131n\u0131 y\u00f6nelik \u00e7al\u0131\u015fma ba\u015flat\u0131ld\u0131. Yap\u0131lan incelemelerde A.C., isimli \u015fahs\u0131n 3 farkl\u0131 su\u00e7tan 27 y\u0131l 3 ay 22 g\u00fcn hapis cezas\u0131 ve 169 bin&#8230;<\/p>\n","protected":false},"author":1,"featured_media":74591,"comment_status":"open","ping_status":"open","sticky":false,"template":"","format":"standard","meta":{"_crdt_document":"","footnotes":""},"categories":[5],"tags":[],"class_list":["post-74590","post","type-post","status-publish","format-standard","has-post-thumbnail","hentry","category-asayis"],"_links":{"self":[{"href":"https:\/\/www.egemtv.com\/index.php?rest_route=\/wp\/v2\/posts\/74590","targetHints":{"allow":["GET"]}}],"collection":[{"href":"https:\/\/www.egemtv.com\/index.php?rest_route=\/wp\/v2\/posts"}],"about":[{"href":"https:\/\/www.egemtv.com\/index.php?rest_route=\/wp\/v2\/types\/post"}],"author":[{"embeddable":true,"href":"https:\/\/www.egemtv.com\/index.php?rest_route=\/wp\/v2\/users\/1"}],"replies":[{"embeddable":true,"href":"https:\/\/www.egemtv.com\/index.php?rest_route=%2Fwp%2Fv2%2Fcomments&post=74590"}],"version-history":[{"count":1,"href":"https:\/\/www.egemtv.com\/index.php?rest_route=\/wp\/v2\/posts\/74590\/revisions"}],"predecessor-version":[{"id":74592,"href":"https:\/\/www.egemtv.com\/index.php?rest_route=\/wp\/v2\/posts\/74590\/revisions\/74592"}],"wp:featuredmedia":[{"embeddable":true,"href":"https:\/\/www.egemtv.com\/index.php?rest_route=\/wp\/v2\/media\/74591"}],"wp:attachment":[{"href":"https:\/\/www.egemtv.com\/index.php?rest_route=%2Fwp%2Fv2%2Fmedia&parent=74590"}],"wp:term":[{"taxonomy":"category","embeddable":true,"href":"https:\/\/www.egemtv.com\/index.php?rest_route=%2Fwp%2Fv2%2Fcategories&post=74590"},{"taxonomy":"post_tag","embeddable":true,"href":"https:\/\/www.egemtv.com\/index.php?rest_route=%2Fwp%2Fv2%2Ftags&post=74590"}],"curies":[{"name":"wp","href":"https:\/\/api.w.org\/{rel}","templated":true}]}}