{"id":74587,"date":"2025-12-16T16:37:03","date_gmt":"2025-12-16T13:37:03","guid":{"rendered":"https:\/\/www.egemtv.com\/?p=74587"},"modified":"2025-12-16T16:37:04","modified_gmt":"2025-12-16T13:37:04","slug":"denizlide-36-hastaya-evde-hemodiyaliz-tedavi-uygulaniyor","status":"publish","type":"post","link":"https:\/\/www.egemtv.com\/?p=74587","title":{"rendered":"Denizli\u2019de 36 hastaya evde hemodiyaliz tedavi uygulan\u0131yor"},"content":{"rendered":"<p>Denizli \u0130l Sa\u011fl\u0131k M\u00fcd\u00fcr\u00fc Uz.Dr. Berna \u00d6zt\u00fcrk, T\u00fcrkiye\u2019de 2015 y\u0131l\u0131nda Kamu Hastaneleri aras\u0131nda ilk kez Denizli\u2019de uygulanmaya ba\u015flanan  Evde Hemodiyaliz uygulamas\u0131yla ilgili a\u00e7\u0131klamalarda bulundu. \u0130lde 36 hastaya ula\u015ft\u0131klar\u0131n\u0131 aktaran \u00d6zt\u00fcrk, hastalar\u0131n ya\u015fam kalitesini artt\u0131ran Evde Hemodiyaliz uygulamas\u0131n\u0131n \u00f6nemine dikkat \u00e7ekti.<\/p>\n<p>Evde hemodiyaliz uygulamas\u0131n\u0131n \u00f6zellikle kronik b\u00f6brek yetmezli\u011fi olan vatanda\u015flar i\u00e7in b\u00fcy\u00fck kolayl\u0131k sa\u011flad\u0131\u011f\u0131n\u0131  belirten Denizli \u0130l Sa\u011fl\u0131k M\u00fcd\u00fcr\u00fc Uz.Dr. Berna \u00d6zt\u00fcrk; &#8220;Evde hemodiyaliz, hastalar\u0131m\u0131z\u0131n tedavilerini hastaneye gitmeden kendi ev ortamlar\u0131nda g\u00fcvenli bir \u015fekilde yapabilmelerine imkan tan\u0131maktad\u0131r. Bu sayede hem tedavi s\u00fcre\u00e7leri kolayla\u015fmakta hem de g\u00fcnl\u00fck ya\u015famlar\u0131na daha rahat devam edebilmektedir&#8221; dedi. Uygulaman\u0131n sadece hasta konforu a\u00e7\u0131s\u0131ndan de\u011fil, tedavi etkinli\u011fi a\u00e7\u0131s\u0131ndan da \u00f6nemli oldu\u011funa vurgu yapan \u00d6zt\u00fcrk; &#8220;Hemodiyaliz tedavileri merkezlerimizde haftan\u0131n 3 g\u00fcn\u00fc 4\u2019er saat olmak \u00fczere yap\u0131lmaktad\u0131r. Diyaliz tedavi s\u00fcresini uzatmak, daha iyi ve yeterli diyalizle olacakt\u0131r. Ev hemodiyalizi sayesinde elde edilen konfor, \u00f6zg\u00fcrl\u00fck d\u0131\u015f\u0131nda as\u0131l \u00f6nemli kazan\u00e7 hastalar\u0131n daha uzun s\u00fcrelerde \u00f6rne\u011fin 4 saat yerine 8 saat diyaliz alabilmesine imkan sa\u011flamas\u0131d\u0131r. Ayr\u0131ca evde hemodiyaliz sayesinde hastadan s\u0131v\u0131 \u00e7ekim h\u0131z\u0131 yar\u0131 yar\u0131ya d\u00fc\u015fm\u00fc\u015f olaca\u011f\u0131ndan, diyaliz s\u0131ras\u0131nda hastada tansiyon d\u00fc\u015f\u00fckl\u00fc\u011f\u00fc, kramp gibi yan etkiler g\u00f6r\u00fclmeyecektir. Biriken zararl\u0131 maddelerin daha iyi temizlenebilmesi nedeniyle kas ve kemik yak\u0131nmalar\u0131nda azalma olacak, kemik yap\u0131s\u0131nda iyile\u015fme g\u00f6zlenebilecektir. Ya\u015fam kalitesi, depresyon, uyku kalitesinde d\u00fczelme olacakt\u0131r. En \u00f6nemlisi de diyaliz uygulama zaman\u0131 hastan\u0131n iste\u011fine ba\u011fl\u0131 olarak belirlenecektir. \u00d6zellikle gece diyalizi ile t\u00fcm bir g\u00fcn hastaya kazand\u0131r\u0131lacak, hasta i\u015f okul, aile ya da ba\u015fka aktiviteler i\u00e7in kendisine zaman ay\u0131rabilecek b\u00f6ylelikle ya\u015fam alan\u0131 ve hayat kalitesi artm\u0131\u015f olacakt\u0131r&#8221; \u015feklinde konu\u015ftu.<\/p>\n<p>Denizli \u0130l Sa\u011fl\u0131k M\u00fcd\u00fcr\u00fc Uz.Dr. Berna \u00d6zt\u00fcrk, evde hemodiyaliz uygulamas\u0131n\u0131n zorlu bir s\u00fcre\u00e7 oldu\u011funu,  3 ayl\u0131k e\u011fitimden sonra diyaliz uygulamas\u0131n\u0131 yapabilece\u011fine kanaat getirilen hastalar\u0131n bu uygulamadan yararlanmaya ba\u015flad\u0131\u011f\u0131n\u0131 aktard\u0131.\u00d6zt\u00fcrk; &#8220;2015 y\u0131l\u0131nda T\u00fcrkiye\u2019de ilk kez Denizli\u2019de  uygulanmaya ba\u015flad\u0131\u011f\u0131m\u0131z Evde Hemodiyaliz uygulamas\u0131 kapsam\u0131nda Denizli Devlet Hastanesi\u2019nde \u015fuana kadar 36 hastam\u0131z e\u011fitim ald\u0131.  E\u011fitim verdi\u011fimiz bu hastalardan 6\u2019s\u0131 b\u00f6brek nakli olarak sa\u011fl\u0131\u011f\u0131na kavu\u015ftu. Evde diyalizini kendi yapan hastalar\u0131m\u0131z ayda bir kez diyaliz merkezimize gelerek kan tetkiklerini yapt\u0131r\u0131yor ve sonu\u00e7lar\u0131 nefroloji uzmanlar\u0131m\u0131z taraf\u0131ndan de\u011ferlendiriliyor. Yine diyaliz teknisyenimiz ve diyaliz hem\u015firelerimiz belirli aral\u0131klarla hastalar\u0131m\u0131z\u0131 evinde ziyaret ederek kontrollerini ger\u00e7ekle\u015ftiriyor. Hastalar\u0131m\u0131z zaman k\u0131s\u0131tlamas\u0131 olmadan ald\u0131klar\u0131 e\u011fitimle diyalizlerini evlerinde ger\u00e7ekle\u015ftiriyor. Ev hemodiyalizinden yararlanmak isteyen diyaliz hastalar\u0131n\u0131 Diyaliz Merkezimize bekliyoruz&#8221; dedi.<br \/><\/p>\n","protected":false},"excerpt":{"rendered":"<p>Denizli \u0130l Sa\u011fl\u0131k M\u00fcd\u00fcr\u00fc Uz.Dr. Berna \u00d6zt\u00fcrk, T\u00fcrkiye\u2019de 2015 y\u0131l\u0131nda Kamu Hastaneleri aras\u0131nda ilk kez Denizli\u2019de uygulanmaya ba\u015flanan Evde Hemodiyaliz uygulamas\u0131yla ilgili a\u00e7\u0131klamalarda bulundu. \u0130lde 36 hastaya ula\u015ft\u0131klar\u0131n\u0131 aktaran \u00d6zt\u00fcrk, hastalar\u0131n ya\u015fam kalitesini artt\u0131ran Evde Hemodiyaliz uygulamas\u0131n\u0131n \u00f6nemine dikkat \u00e7ekti. Evde hemodiyaliz uygulamas\u0131n\u0131n \u00f6zellikle kronik b\u00f6brek yetmezli\u011fi olan vatanda\u015flar i\u00e7in b\u00fcy\u00fck kolayl\u0131k sa\u011flad\u0131\u011f\u0131n\u0131 belirten Denizli&#8230;<\/p>\n","protected":false},"author":1,"featured_media":74588,"comment_status":"open","ping_status":"open","sticky":false,"template":"","format":"standard","meta":{"_crdt_document":"","footnotes":""},"categories":[2],"tags":[],"class_list":["post-74587","post","type-post","status-publish","format-standard","has-post-thumbnail","hentry","category-saglik"],"_links":{"self":[{"href":"https:\/\/www.egemtv.com\/index.php?rest_route=\/wp\/v2\/posts\/74587","targetHints":{"allow":["GET"]}}],"collection":[{"href":"https:\/\/www.egemtv.com\/index.php?rest_route=\/wp\/v2\/posts"}],"about":[{"href":"https:\/\/www.egemtv.com\/index.php?rest_route=\/wp\/v2\/types\/post"}],"author":[{"embeddable":true,"href":"https:\/\/www.egemtv.com\/index.php?rest_route=\/wp\/v2\/users\/1"}],"replies":[{"embeddable":true,"href":"https:\/\/www.egemtv.com\/index.php?rest_route=%2Fwp%2Fv2%2Fcomments&post=74587"}],"version-history":[{"count":1,"href":"https:\/\/www.egemtv.com\/index.php?rest_route=\/wp\/v2\/posts\/74587\/revisions"}],"predecessor-version":[{"id":74589,"href":"https:\/\/www.egemtv.com\/index.php?rest_route=\/wp\/v2\/posts\/74587\/revisions\/74589"}],"wp:featuredmedia":[{"embeddable":true,"href":"https:\/\/www.egemtv.com\/index.php?rest_route=\/wp\/v2\/media\/74588"}],"wp:attachment":[{"href":"https:\/\/www.egemtv.com\/index.php?rest_route=%2Fwp%2Fv2%2Fmedia&parent=74587"}],"wp:term":[{"taxonomy":"category","embeddable":true,"href":"https:\/\/www.egemtv.com\/index.php?rest_route=%2Fwp%2Fv2%2Fcategories&post=74587"},{"taxonomy":"post_tag","embeddable":true,"href":"https:\/\/www.egemtv.com\/index.php?rest_route=%2Fwp%2Fv2%2Ftags&post=74587"}],"curies":[{"name":"wp","href":"https:\/\/api.w.org\/{rel}","templated":true}]}}