{"id":74584,"date":"2025-12-16T16:37:02","date_gmt":"2025-12-16T13:37:02","guid":{"rendered":"https:\/\/www.egemtv.com\/?p=74584"},"modified":"2025-12-16T16:37:03","modified_gmt":"2025-12-16T13:37:03","slug":"bicakli-dehset-olayinda-babanin-tahliyesine-bassavciliktan-itiraz","status":"publish","type":"post","link":"https:\/\/www.egemtv.com\/?p=74584","title":{"rendered":"B\u0131\u00e7akl\u0131 deh\u015fet olay\u0131nda baban\u0131n tahliyesine Ba\u015fsavc\u0131l\u0131ktan itiraz"},"content":{"rendered":"<p>\u0130zmir Cumhuriyet Ba\u015fsavc\u0131l\u0131\u011f\u0131, bo\u015fanma a\u015famas\u0131ndaki e\u015fini g\u00f6r\u00fcnt\u00fcl\u00fc arayarak 3 ya\u015f\u0131ndaki \u00e7ocu\u011funun bo\u011faz\u0131na b\u0131\u00e7ak dayama eylemi nedeniyle \u2019Kasten \u00d6ld\u00fcrmeye Te\u015febb\u00fcs\u2019 su\u00e7lamas\u0131yla yarg\u0131lanan san\u0131k \u015eiyar Alpaslan hakk\u0131nda verilen ev hapsi \u015feklindeki tahliye karar\u0131na itiraz etti.<br \/>\n<br \/>Kas\u0131m 2024\u2019te bo\u015fanma a\u015famas\u0131ndaki e\u015fini g\u00f6r\u00fcnt\u00fcl\u00fc arayarak 3 ya\u015f\u0131ndaki o\u011flunun bo\u011faz\u0131na b\u0131\u00e7ak dayay\u0131p \u00f6l\u00fcmle tehdit eden \u015eiyar Alpaslan, sosyal medyadaki tepkiler \u00fczerine \u0130zmir\u2019de yakalan\u0131p tutuklanm\u0131\u015f, hakk\u0131nda ba\u015flang\u0131\u00e7ta \u2019Kasten yaralama\u2019 ve \u2019Silahla tehdit\u2019 su\u00e7lar\u0131ndan dava a\u00e7\u0131lm\u0131\u015ft\u0131. Yarg\u0131lama s\u00fcrecinde san\u0131k hakk\u0131nda Ocak 2025\u2019te verilen ilk tahliye karar\u0131 Ba\u015fsavc\u0131l\u0131k itiraz\u0131yla bozulmu\u015f, ard\u0131ndan dosya, eylemin niteli\u011fi gere\u011fi \u2019Kasten \u00d6ld\u00fcrmeye Te\u015febb\u00fcs\u2019 su\u00e7lamas\u0131yla \u0130zmir 18. A\u011f\u0131r Ceza Mahkemesi\u2019ne ta\u015f\u0131nm\u0131\u015f ve yarg\u0131lanmas\u0131na bu su\u00e7tan devam edilmi\u015ftir.<br \/>\n<br \/>\u015eiyar Alpaslan\u2019\u0131n, 18 Kas\u0131m 2024 tarihinde e\u015fine y\u00f6nelik tehdit eylemiyle tutuklanmas\u0131n\u0131n ard\u0131ndan devam eden yarg\u0131lamas\u0131nda bug\u00fcn kritik bir geli\u015fme ya\u015fanm\u0131\u015ft\u0131. \u0130zmir 18. A\u011f\u0131r Ceza Mahkemesi, tutuklu san\u0131k \u015eiyar Alpaslan\u2019\u0131n ev hapsi \u015feklindeki adli kontrol \u015fart\u0131yla tahliyesine h\u00fckmetmi\u015fti.<\/p>\n<p>Ba\u015fsavc\u0131l\u0131k Tahliyeyi \u2019Usul ve Yasaya Ayk\u0131r\u0131\u2019 Buldu<br \/>\n<br \/>\u0130zmir Cumhuriyet Ba\u015fsavc\u0131l\u0131\u011f\u0131, \u0130zmir 18. A\u011f\u0131r Ceza Mahkemesi\u2019nin ayn\u0131 g\u00fcn verdi\u011fi tahliye karar\u0131na kar\u015f\u0131 harekete ge\u00e7ti. Ba\u015fsavc\u0131l\u0131k, karar\u0131n usul ve yasaya ayk\u0131r\u0131 oldu\u011fu de\u011ferlendirmesiyle itirazda bulundu. Ba\u015fsavc\u0131l\u0131\u011f\u0131n itiraz gerek\u00e7eleri aras\u0131nda \u015funlar yer ald\u0131: Dosya kapsam\u0131ndaki mevcut delillerin durumu, san\u0131\u011fa isnat edilen \u2019Kasten \u00d6ld\u00fcrmeye Te\u015febb\u00fcs\u2019 su\u00e7unun niteli\u011fi ve a\u011f\u0131rl\u0131\u011f\u0131, s\u00f6z konusu su\u00e7 i\u00e7in \u00f6ng\u00f6r\u00fclen yasal ceza s\u0131n\u0131rlar\u0131, san\u0131k hakk\u0131nda tutukluluk tedbirinin devam\u0131n\u0131 gerektiren nedenlerin hala mevcut olmas\u0131.<\/p>\n<p>Ba\u015fka su\u00e7tan h\u00fck\u00fcml\u00fc oldu\u011fu i\u00e7in cezaevinde kald\u0131<br \/>\n<br \/>Ba\u015fsavc\u0131l\u0131\u011f\u0131n itiraz\u0131 sonras\u0131 san\u0131k \u015eiyar Alpaslan, tahliye karar\u0131 verilmesine ra\u011fmen cezaevinden sal\u0131verilmedi. Alpaslan\u2019\u0131n, yarg\u0131land\u0131\u011f\u0131 bu su\u00e7 dosyas\u0131ndan ba\u011f\u0131ms\u0131z olarak ba\u015fka su\u00e7lardan h\u00fck\u00fcml\u00fc bulunmas\u0131 nedeniyle tutukluluk halinin devam etti\u011fi \u00f6\u011frenildi.<br \/><\/p>\n","protected":false},"excerpt":{"rendered":"<p>\u0130zmir Cumhuriyet Ba\u015fsavc\u0131l\u0131\u011f\u0131, bo\u015fanma a\u015famas\u0131ndaki e\u015fini g\u00f6r\u00fcnt\u00fcl\u00fc arayarak 3 ya\u015f\u0131ndaki \u00e7ocu\u011funun bo\u011faz\u0131na b\u0131\u00e7ak dayama eylemi nedeniyle \u2019Kasten \u00d6ld\u00fcrmeye Te\u015febb\u00fcs\u2019 su\u00e7lamas\u0131yla yarg\u0131lanan san\u0131k \u015eiyar Alpaslan hakk\u0131nda verilen ev hapsi \u015feklindeki tahliye karar\u0131na itiraz etti. Kas\u0131m 2024\u2019te bo\u015fanma a\u015famas\u0131ndaki e\u015fini g\u00f6r\u00fcnt\u00fcl\u00fc arayarak 3 ya\u015f\u0131ndaki o\u011flunun bo\u011faz\u0131na b\u0131\u00e7ak dayay\u0131p \u00f6l\u00fcmle tehdit eden \u015eiyar Alpaslan, sosyal medyadaki tepkiler \u00fczerine&#8230;<\/p>\n","protected":false},"author":1,"featured_media":74585,"comment_status":"open","ping_status":"open","sticky":false,"template":"","format":"standard","meta":{"_crdt_document":"","footnotes":""},"categories":[5],"tags":[],"class_list":["post-74584","post","type-post","status-publish","format-standard","has-post-thumbnail","hentry","category-asayis"],"_links":{"self":[{"href":"https:\/\/www.egemtv.com\/index.php?rest_route=\/wp\/v2\/posts\/74584","targetHints":{"allow":["GET"]}}],"collection":[{"href":"https:\/\/www.egemtv.com\/index.php?rest_route=\/wp\/v2\/posts"}],"about":[{"href":"https:\/\/www.egemtv.com\/index.php?rest_route=\/wp\/v2\/types\/post"}],"author":[{"embeddable":true,"href":"https:\/\/www.egemtv.com\/index.php?rest_route=\/wp\/v2\/users\/1"}],"replies":[{"embeddable":true,"href":"https:\/\/www.egemtv.com\/index.php?rest_route=%2Fwp%2Fv2%2Fcomments&post=74584"}],"version-history":[{"count":1,"href":"https:\/\/www.egemtv.com\/index.php?rest_route=\/wp\/v2\/posts\/74584\/revisions"}],"predecessor-version":[{"id":74586,"href":"https:\/\/www.egemtv.com\/index.php?rest_route=\/wp\/v2\/posts\/74584\/revisions\/74586"}],"wp:featuredmedia":[{"embeddable":true,"href":"https:\/\/www.egemtv.com\/index.php?rest_route=\/wp\/v2\/media\/74585"}],"wp:attachment":[{"href":"https:\/\/www.egemtv.com\/index.php?rest_route=%2Fwp%2Fv2%2Fmedia&parent=74584"}],"wp:term":[{"taxonomy":"category","embeddable":true,"href":"https:\/\/www.egemtv.com\/index.php?rest_route=%2Fwp%2Fv2%2Fcategories&post=74584"},{"taxonomy":"post_tag","embeddable":true,"href":"https:\/\/www.egemtv.com\/index.php?rest_route=%2Fwp%2Fv2%2Ftags&post=74584"}],"curies":[{"name":"wp","href":"https:\/\/api.w.org\/{rel}","templated":true}]}}