{"id":74581,"date":"2025-12-16T16:37:01","date_gmt":"2025-12-16T13:37:01","guid":{"rendered":"https:\/\/www.egemtv.com\/?p=74581"},"modified":"2025-12-16T16:37:02","modified_gmt":"2025-12-16T13:37:02","slug":"girisimci-kadinlar-ve-el-emegi-festivali-basliyor","status":"publish","type":"post","link":"https:\/\/www.egemtv.com\/?p=74581","title":{"rendered":"Giri\u015fimci Kad\u0131nlar ve El Eme\u011fi Festivali ba\u015fl\u0131yor"},"content":{"rendered":"<p>Merkezefendi Belediyesi taraf\u0131ndan geleneksel hale getirilen Giri\u015fimci Kad\u0131nlar ve El Eme\u011fi Festivali, bu y\u0131l da dolu dolu i\u00e7eri\u011fiyle kap\u0131lar\u0131n\u0131 a\u00e7maya haz\u0131rlan\u0131yor. Festival, 19,20 ve 21 Aral\u0131k tarihlerinde ger\u00e7ekle\u015ftirilecek.<\/p>\n<p>K\u00fclt\u00fcr ve sanat alan\u0131ndaki faaliyetlerine devam eden Merkezefendi Belediyesi, giri\u015fimci kad\u0131nlara desteklerini s\u00fcrd\u00fcr\u00fcyor. Merkezefendi Belediyesi taraf\u0131ndan ilk kez 2021 y\u0131l\u0131nda d\u00fczenlenen ve geleneksel hale gelen Giri\u015fimci Kad\u0131nlar ve El Eme\u011fi Festivali, kap\u0131lar\u0131n\u0131 a\u00e7maya haz\u0131rlan\u0131yor.  250 stand\u0131n yer alaca\u011f\u0131, giri\u015fimci kad\u0131nlar\u0131n \u00fcr\u00fcnlerini sergileyece\u011fi y\u0131lba\u015f\u0131 konseptli festival, 19, 20 ve 21 Aral\u0131k tarihlerinde Merkezefendi K\u00fclt\u00fcr Merkezi\u2019nde d\u00fczenlenecek. Stantlar, 3 g\u00fcn boyunca saat 22.00\u2019ye kadar a\u00e7\u0131k olacak. Kad\u0131n eme\u011fini ve giri\u015fimcili\u011fini desteklemeyi ama\u00e7layan festival, \u00fc\u00e7 g\u00fcn boyunca s\u00f6yle\u015filerden konserlere, at\u00f6lyelerden \u00e7ocuk etkinliklerine kadar zengin bir program d\u00fczenlenecek.<\/p>\n<p>Festival program\u0131 belli oldu<br \/>\n<br \/>Festival, 19 Aral\u0131k Cuma g\u00fcn\u00fc saat 12.30\u2019da a\u00e7\u0131l\u0131\u015f t\u00f6reniyle ba\u015flayacak. Ayn\u0131 g\u00fcn saat 20.00\u2019de G\u00fcven\u00e7 Y\u0131ld\u0131r\u0131m sahne alarak m\u00fczikseverlerle bulu\u015facak. 20 Aral\u0131k Cumartesi g\u00fcn\u00fc ise saat 13.00\u2019te Ritmin Melekleri g\u00f6sterisiyle devam edecek. Saat 15.00\u2019te Suna Dumankaya ile s\u00f6yle\u015fi ger\u00e7ekle\u015ftirilecek. G\u00fcn\u00fcn bir di\u011fer s\u00f6yle\u015fisi ise saat 18.00\u2019de Psikolojik Dan\u0131\u015fman ve Aile Dan\u0131\u015fman\u0131 Kevser \u0130rdem taraf\u0131ndan &#8220;Kelimelerin Hayat\u0131m\u0131za Olan B\u00fcy\u00fcl\u00fc Etkisi&#8221; ba\u015fl\u0131\u011f\u0131yla yap\u0131lacak. Festivalin ikinci g\u00fcn\u00fc, saat 20.00\u2019de sevilen sanat\u00e7\u0131 Cem Belevi\u2019nin konseriyle sona erecek. Festivalin son g\u00fcn\u00fc olan 21 Aral\u0131k Pazar g\u00fcn\u00fc saat 13.00\u2019te Uzman Doktor Bet\u00fcl Y\u0131lmaz ile &#8220;Zihin At\u00f6lyesi&#8221; s\u00f6yle\u015fisi d\u00fczenlenecek. Saat 15.00\u2019te ise Ceren \u00d6zdemir &#8220;Darbuka Show&#8221; performans\u0131 ger\u00e7ekle\u015ftirecek ve saat 17.30\u2019da ise \u2018Piyonlar\u2019 isimli \u00e7ocuk tiyatrosu minik izleyicilerle bulu\u015facak. \u00dc\u00e7 g\u00fcn boyunca giri\u015fimci kad\u0131nlar\u0131n b\u00fcy\u00fck emekle haz\u0131rlad\u0131\u011f\u0131 el eme\u011fi \u00fcr\u00fcnlerin sat\u0131\u015fa sunulaca\u011f\u0131 festival, her ya\u015ftan ziyaret\u00e7iye hitap eden etkinlikleriyle Merkezefendi\u2019de \u00fcretimin, dayan\u0131\u015fman\u0131n ve payla\u015f\u0131m\u0131n bulu\u015fma noktas\u0131 olacak.<\/p>\n<p>&#8220;Birlikte \u00fcretecek, birlikte g\u00fc\u00e7lenece\u011fiz&#8221;<br \/>\n<br \/>D\u00fczenledikleri festivaller ile bir\u00e7ok giri\u015fimci kad\u0131n\u0131n gelir elde etti\u011fini, i\u015f yeri sahibi oldu\u011funu belirten Merkezefendi Belediye Ba\u015fkan\u0131 \u015eeniz Do\u011fan, &#8220;Her ge\u00e7en y\u0131l daha da b\u00fcy\u00fcyen ve art\u0131k Merkezefendi\u2019mizin vazge\u00e7ilmez bir gelene\u011fine d\u00f6n\u00fc\u015fen Giri\u015fimci Kad\u0131nlar ve El Eme\u011fi Festivali\u2019mizi d\u00fczenlemekten b\u00fcy\u00fck bir mutluluk ve heyecan duyuyoruz. \u00dc\u00e7 g\u00fcn boyunca; m\u00fczikten s\u00f6yle\u015filere, konserlerden at\u00f6lye \u00e7al\u0131\u015fmalar\u0131na uzanan dopdolu bir programla hem\u015ferilerimizle bir araya gelece\u011fiz. Giri\u015fimci kad\u0131nlar\u0131m\u0131z\u0131n b\u00fcy\u00fck emek ve \u00f6zveriyle haz\u0131rlad\u0131\u011f\u0131 el eme\u011fi \u00fcr\u00fcnlerimizi bu festivalde halk\u0131m\u0131zla bulu\u015fturaca\u011f\u0131z. Bu g\u00fczel bulu\u015fmaya t\u00fcm hem\u015ferilerimi davet ediyorum. 19-20-21 Aral\u0131k tarihlerinde Merkezefendi K\u00fclt\u00fcr Merkezi\u2019mizde bir araya gelecek, birlikte \u00fcretecek ve birlikte g\u00fc\u00e7lenece\u011fiz&#8221; dedi.<br \/><\/p>\n","protected":false},"excerpt":{"rendered":"<p>Merkezefendi Belediyesi taraf\u0131ndan geleneksel hale getirilen Giri\u015fimci Kad\u0131nlar ve El Eme\u011fi Festivali, bu y\u0131l da dolu dolu i\u00e7eri\u011fiyle kap\u0131lar\u0131n\u0131 a\u00e7maya haz\u0131rlan\u0131yor. Festival, 19,20 ve 21 Aral\u0131k tarihlerinde ger\u00e7ekle\u015ftirilecek. K\u00fclt\u00fcr ve sanat alan\u0131ndaki faaliyetlerine devam eden Merkezefendi Belediyesi, giri\u015fimci kad\u0131nlara desteklerini s\u00fcrd\u00fcr\u00fcyor. Merkezefendi Belediyesi taraf\u0131ndan ilk kez 2021 y\u0131l\u0131nda d\u00fczenlenen ve geleneksel hale gelen Giri\u015fimci Kad\u0131nlar&#8230;<\/p>\n","protected":false},"author":1,"featured_media":74582,"comment_status":"open","ping_status":"open","sticky":false,"template":"","format":"standard","meta":{"_crdt_document":"","footnotes":""},"categories":[1],"tags":[],"class_list":["post-74581","post","type-post","status-publish","format-standard","has-post-thumbnail","hentry","category-guncel"],"_links":{"self":[{"href":"https:\/\/www.egemtv.com\/index.php?rest_route=\/wp\/v2\/posts\/74581","targetHints":{"allow":["GET"]}}],"collection":[{"href":"https:\/\/www.egemtv.com\/index.php?rest_route=\/wp\/v2\/posts"}],"about":[{"href":"https:\/\/www.egemtv.com\/index.php?rest_route=\/wp\/v2\/types\/post"}],"author":[{"embeddable":true,"href":"https:\/\/www.egemtv.com\/index.php?rest_route=\/wp\/v2\/users\/1"}],"replies":[{"embeddable":true,"href":"https:\/\/www.egemtv.com\/index.php?rest_route=%2Fwp%2Fv2%2Fcomments&post=74581"}],"version-history":[{"count":1,"href":"https:\/\/www.egemtv.com\/index.php?rest_route=\/wp\/v2\/posts\/74581\/revisions"}],"predecessor-version":[{"id":74583,"href":"https:\/\/www.egemtv.com\/index.php?rest_route=\/wp\/v2\/posts\/74581\/revisions\/74583"}],"wp:featuredmedia":[{"embeddable":true,"href":"https:\/\/www.egemtv.com\/index.php?rest_route=\/wp\/v2\/media\/74582"}],"wp:attachment":[{"href":"https:\/\/www.egemtv.com\/index.php?rest_route=%2Fwp%2Fv2%2Fmedia&parent=74581"}],"wp:term":[{"taxonomy":"category","embeddable":true,"href":"https:\/\/www.egemtv.com\/index.php?rest_route=%2Fwp%2Fv2%2Fcategories&post=74581"},{"taxonomy":"post_tag","embeddable":true,"href":"https:\/\/www.egemtv.com\/index.php?rest_route=%2Fwp%2Fv2%2Ftags&post=74581"}],"curies":[{"name":"wp","href":"https:\/\/api.w.org\/{rel}","templated":true}]}}