{"id":74578,"date":"2025-12-16T16:14:45","date_gmt":"2025-12-16T13:14:45","guid":{"rendered":"https:\/\/www.egemtv.com\/?p=74578"},"modified":"2025-12-16T16:14:46","modified_gmt":"2025-12-16T13:14:46","slug":"tff-2-lig-muglaspor0-karaman-fk0","status":"publish","type":"post","link":"https:\/\/www.egemtv.com\/?p=74578","title":{"rendered":"TFF 2. Lig: Mu\u011flaspor:0 &#8211; Karaman FK:0"},"content":{"rendered":"<p>TFF 2. Lig beyaz. Grup\u2019ta 17. hafta m\u00fccadelesinde Mu\u011flaspor sahas\u0131nda Karaman FK. \u0130le 0-0 berabere kald\u0131.<br \/>\n<br \/>Stat: Atat\u00fcrk<br \/>\n<br \/>Hakemler: Sercan Karaca, Sel\u00e7uk Kaplan, \u00c7a\u011flar Demirk\u0131ran<br \/>\n<br \/>Mu\u011flaspor: \u0130smet, S\u0131rat, Mustafa(dk.86 Selahattin), Mehmet(dk, 24 Kadir), Semih, Mahsun, Cemal Ali, Emre(Dk.67 Okan), Abdurrahman, Sedat, Yasin<br \/>\n<br \/>Karaman FK.: H\u00fcseyin, Ey\u00fcpcan(Dk.81 Mustafa Murat), Mert, Sadi, Muhammet, Yusuf, \u015eamil, O\u011fuz, Abd\u00fclkadir, Hasan, An\u0131l<br \/>\n<br \/>Sar\u0131 kartlar: Dk.25 Kadir Yaz\u0131c\u0131(Mu\u011flaspor),dk.40 Yusuf Yard\u0131mc\u0131(Karaman FK.),Dk.67 Abd\u00fclkadir S\u00f6nmez(Karaman FK.)<br \/><\/p>\n","protected":false},"excerpt":{"rendered":"<p>TFF 2. Lig beyaz. Grup\u2019ta 17. hafta m\u00fccadelesinde Mu\u011flaspor sahas\u0131nda Karaman FK. \u0130le 0-0 berabere kald\u0131. Stat: Atat\u00fcrk Hakemler: Sercan Karaca, Sel\u00e7uk Kaplan, \u00c7a\u011flar Demirk\u0131ran Mu\u011flaspor: \u0130smet, S\u0131rat, Mustafa(dk.86 Selahattin), Mehmet(dk, 24 Kadir), Semih, Mahsun, Cemal Ali, Emre(Dk.67 Okan), Abdurrahman, Sedat, Yasin Karaman FK.: H\u00fcseyin, Ey\u00fcpcan(Dk.81 Mustafa Murat), Mert, Sadi, Muhammet, Yusuf, \u015eamil, O\u011fuz, Abd\u00fclkadir,&#8230;<\/p>\n","protected":false},"author":1,"featured_media":74579,"comment_status":"open","ping_status":"open","sticky":false,"template":"","format":"standard","meta":{"_crdt_document":"","footnotes":""},"categories":[4],"tags":[],"class_list":["post-74578","post","type-post","status-publish","format-standard","has-post-thumbnail","hentry","category-spor"],"_links":{"self":[{"href":"https:\/\/www.egemtv.com\/index.php?rest_route=\/wp\/v2\/posts\/74578","targetHints":{"allow":["GET"]}}],"collection":[{"href":"https:\/\/www.egemtv.com\/index.php?rest_route=\/wp\/v2\/posts"}],"about":[{"href":"https:\/\/www.egemtv.com\/index.php?rest_route=\/wp\/v2\/types\/post"}],"author":[{"embeddable":true,"href":"https:\/\/www.egemtv.com\/index.php?rest_route=\/wp\/v2\/users\/1"}],"replies":[{"embeddable":true,"href":"https:\/\/www.egemtv.com\/index.php?rest_route=%2Fwp%2Fv2%2Fcomments&post=74578"}],"version-history":[{"count":1,"href":"https:\/\/www.egemtv.com\/index.php?rest_route=\/wp\/v2\/posts\/74578\/revisions"}],"predecessor-version":[{"id":74580,"href":"https:\/\/www.egemtv.com\/index.php?rest_route=\/wp\/v2\/posts\/74578\/revisions\/74580"}],"wp:featuredmedia":[{"embeddable":true,"href":"https:\/\/www.egemtv.com\/index.php?rest_route=\/wp\/v2\/media\/74579"}],"wp:attachment":[{"href":"https:\/\/www.egemtv.com\/index.php?rest_route=%2Fwp%2Fv2%2Fmedia&parent=74578"}],"wp:term":[{"taxonomy":"category","embeddable":true,"href":"https:\/\/www.egemtv.com\/index.php?rest_route=%2Fwp%2Fv2%2Fcategories&post=74578"},{"taxonomy":"post_tag","embeddable":true,"href":"https:\/\/www.egemtv.com\/index.php?rest_route=%2Fwp%2Fv2%2Ftags&post=74578"}],"curies":[{"name":"wp","href":"https:\/\/api.w.org\/{rel}","templated":true}]}}