{"id":74575,"date":"2025-12-16T16:14:44","date_gmt":"2025-12-16T13:14:44","guid":{"rendered":"https:\/\/www.egemtv.com\/?p=74575"},"modified":"2025-12-16T16:14:44","modified_gmt":"2025-12-16T13:14:44","slug":"msku-turizm-fakultesi-bodrumun-5-yildizli-otel-genel-mudurlerini-agirladi","status":"publish","type":"post","link":"https:\/\/www.egemtv.com\/?p=74575","title":{"rendered":"MSK\u00dc Turizm Fak\u00fcltesi, Bodrum\u2019un 5 y\u0131ld\u0131zl\u0131 otel genel m\u00fcd\u00fcrlerini a\u011f\u0131rlad\u0131"},"content":{"rendered":"<p>Mu\u011fla S\u0131tk\u0131 Ko\u00e7man \u00dcniversitesi (MSK\u00dc) Turizm Fak\u00fcltesi, Bodrum\u2019un \u00f6nde gelen 5 y\u0131ld\u0131zl\u0131 otellerinin genel m\u00fcd\u00fcrleri ve sekt\u00f6r temsilcilerini a\u011f\u0131rlad\u0131. \u00d6nemli bir bulu\u015fmaya ev sahipli\u011fi yap\u0131lan etkinlikte, turizm sekt\u00f6r\u00fcn\u00fcn gelece\u011fi, nitelikli i\u015f g\u00fcc\u00fc ihtiyac\u0131 ve \u00fcniversite-sekt\u00f6r i\u015f birli\u011finin g\u00fc\u00e7lendirilmesine y\u00f6nelik konular ele al\u0131nd\u0131.<br \/>\n<br \/>Mu\u011fla S\u0131tk\u0131 Ko\u00e7man \u00dcniversitesi ad\u0131na Rekt\u00f6r Yard\u0131mc\u0131s\u0131 Prof. Dr. Mustafa G\u00f6k\u00e7e, Turizm Fak\u00fcltesi Dekan\u0131 Prof. Dr. G\u00f6khan Ayazlar, Dekan Yard\u0131mc\u0131lar\u0131 Do\u00e7. Dr. Senem Yaz\u0131c\u0131 Y\u0131lmaz ile Do\u00e7. Dr. \u015eaban Kargiglio\u011flu kat\u0131ld\u0131.<br \/>\n<br \/>Program\u0131n a\u00e7\u0131l\u0131\u015f konu\u015fmas\u0131n\u0131 Turizm Fak\u00fcltesi Dekan\u0131 Prof. Dr. G\u00f6khan Ayazlar ger\u00e7ekle\u015ftirdi.<br \/>\n<br \/>A\u00e7\u0131l\u0131\u015f\u0131n ard\u0131ndan s\u00f6z alan otel y\u00f6neticileri, sekt\u00f6r\u00fcn g\u00fcncel durumu, turizmde ya\u015fanan d\u00f6n\u00fc\u015f\u00fcm, \u00f6\u011frencilerin kariyer yolculuklar\u0131 ve gelecekte sekt\u00f6r\u00fc bekleyen geli\u015fmelere ili\u015fkin de\u011ferlendirmelerini payla\u015ft\u0131.<br \/>\n<br \/>Etkinlik boyunca \u00d6\u011fretim G\u00f6revlisi Adnan Acar yemek organizasyonunda ve \u00d6\u011fretim G\u00f6revlisi Dr. F\u0131rat Bi\u00e7ici servis hizmetinde \u00f6\u011frenciler ile uygulama yapt\u0131. Gastronomi ve Mutfak Sanatlar\u0131 B\u00f6l\u00fcm\u00fc \u00f6\u011frencileri taraf\u0131ndan \u00f6zenle haz\u0131rlanan yemekler Turizm \u0130\u015fletmecili\u011fi \u00f6\u011frencileri taraf\u0131ndan kat\u0131l\u0131mc\u0131lara servis edildi.<br \/>\n<br \/>Daha fazla uygulamal\u0131 e\u011fitim ve staj imk\u00e2n\u0131<br \/>\n<br \/>Toplant\u0131da; \u00f6\u011frencilerin turizm sekt\u00f6r\u00fcnde istihdamda kalmas\u0131n\u0131n \u00f6nemi, daha donan\u0131ml\u0131 mezunlar yeti\u015ftirilmesi, sekt\u00f6r\u00fcn ihtiya\u00e7lar\u0131na uygun e\u011fitim i\u00e7eriklerinin geli\u015ftirilmesi ve turizm sezonunun akademik takvimle daha uyumlu hale getirilmesi gibi ba\u015fl\u0131klar \u00f6n plana \u00e7\u0131kt\u0131. Kat\u0131l\u0131mc\u0131lar, \u00fcniversite-sekt\u00f6r i\u015f birli\u011finin g\u00fc\u00e7lendirilmesi ve \u00f6\u011frencilere daha fazla uygulamal\u0131 e\u011fitim ve staj imk\u00e2n\u0131 sunulmas\u0131 konusunda ortak g\u00f6r\u00fc\u015f bildirdi.<br \/>\n<br \/>Etkinlik, sekt\u00f6r temsilcileri ile akademisyenlerin ilerleyen s\u00fcre\u00e7te daha s\u0131k bir araya gelmesi, ortak projeler geli\u015ftirilmesi ve \u00f6\u011frencilerin sekt\u00f6re adaptasyonunu h\u0131zland\u0131racak yeni i\u015f birliklerinin hayata ge\u00e7irilmesi y\u00f6n\u00fcndeki kar\u015f\u0131l\u0131kl\u0131 temennilerle sona erdi.<br \/><\/p>\n","protected":false},"excerpt":{"rendered":"<p>Mu\u011fla S\u0131tk\u0131 Ko\u00e7man \u00dcniversitesi (MSK\u00dc) Turizm Fak\u00fcltesi, Bodrum\u2019un \u00f6nde gelen 5 y\u0131ld\u0131zl\u0131 otellerinin genel m\u00fcd\u00fcrleri ve sekt\u00f6r temsilcilerini a\u011f\u0131rlad\u0131. \u00d6nemli bir bulu\u015fmaya ev sahipli\u011fi yap\u0131lan etkinlikte, turizm sekt\u00f6r\u00fcn\u00fcn gelece\u011fi, nitelikli i\u015f g\u00fcc\u00fc ihtiyac\u0131 ve \u00fcniversite-sekt\u00f6r i\u015f birli\u011finin g\u00fc\u00e7lendirilmesine y\u00f6nelik konular ele al\u0131nd\u0131. Mu\u011fla S\u0131tk\u0131 Ko\u00e7man \u00dcniversitesi ad\u0131na Rekt\u00f6r Yard\u0131mc\u0131s\u0131 Prof. Dr. Mustafa G\u00f6k\u00e7e, Turizm Fak\u00fcltesi&#8230;<\/p>\n","protected":false},"author":1,"featured_media":74576,"comment_status":"open","ping_status":"open","sticky":false,"template":"","format":"standard","meta":{"_crdt_document":"","footnotes":""},"categories":[1],"tags":[],"class_list":["post-74575","post","type-post","status-publish","format-standard","has-post-thumbnail","hentry","category-guncel"],"_links":{"self":[{"href":"https:\/\/www.egemtv.com\/index.php?rest_route=\/wp\/v2\/posts\/74575","targetHints":{"allow":["GET"]}}],"collection":[{"href":"https:\/\/www.egemtv.com\/index.php?rest_route=\/wp\/v2\/posts"}],"about":[{"href":"https:\/\/www.egemtv.com\/index.php?rest_route=\/wp\/v2\/types\/post"}],"author":[{"embeddable":true,"href":"https:\/\/www.egemtv.com\/index.php?rest_route=\/wp\/v2\/users\/1"}],"replies":[{"embeddable":true,"href":"https:\/\/www.egemtv.com\/index.php?rest_route=%2Fwp%2Fv2%2Fcomments&post=74575"}],"version-history":[{"count":1,"href":"https:\/\/www.egemtv.com\/index.php?rest_route=\/wp\/v2\/posts\/74575\/revisions"}],"predecessor-version":[{"id":74577,"href":"https:\/\/www.egemtv.com\/index.php?rest_route=\/wp\/v2\/posts\/74575\/revisions\/74577"}],"wp:featuredmedia":[{"embeddable":true,"href":"https:\/\/www.egemtv.com\/index.php?rest_route=\/wp\/v2\/media\/74576"}],"wp:attachment":[{"href":"https:\/\/www.egemtv.com\/index.php?rest_route=%2Fwp%2Fv2%2Fmedia&parent=74575"}],"wp:term":[{"taxonomy":"category","embeddable":true,"href":"https:\/\/www.egemtv.com\/index.php?rest_route=%2Fwp%2Fv2%2Fcategories&post=74575"},{"taxonomy":"post_tag","embeddable":true,"href":"https:\/\/www.egemtv.com\/index.php?rest_route=%2Fwp%2Fv2%2Ftags&post=74575"}],"curies":[{"name":"wp","href":"https:\/\/api.w.org\/{rel}","templated":true}]}}