{"id":74572,"date":"2025-12-16T15:55:38","date_gmt":"2025-12-16T12:55:38","guid":{"rendered":"https:\/\/www.egemtv.com\/?p=74572"},"modified":"2025-12-16T15:55:38","modified_gmt":"2025-12-16T12:55:38","slug":"hisarciklioglu-dso-dunyanin-en-iyi-ilk-uc-odasi-arasina-girmeyi-basardi","status":"publish","type":"post","link":"https:\/\/www.egemtv.com\/?p=74572","title":{"rendered":"Hisarc\u0131kl\u0131o\u011flu; &#8220;DSO d\u00fcnyan\u0131n en iyi ilk \u00fc\u00e7 odas\u0131 aras\u0131na girmeyi ba\u015fard\u0131&#8221;"},"content":{"rendered":"<p>T\u00fcrkiye Odalar ve Borsalar Birli\u011fi (TOBB) Ba\u015fkan\u0131 R\u0131fat Hisarc\u0131kl\u0131o\u011flu, Denizli Sanayi Odas\u0131\u2019n\u0131n (DSO) ev sahipli\u011finde d\u00fczenlenen isti\u015fare toplant\u0131s\u0131nda Denizli i\u015f d\u00fcnyas\u0131n\u0131n talep ve sorunlar\u0131 dinledi. DSO\u2019nun kentin marka de\u011ferini art\u0131rd\u0131\u011f\u0131n\u0131 belirten Hisarc\u0131kl\u0131o\u011flu; &#8220;DSO, 3 ay \u00f6nce Avustralya\u2019da d\u00fczenlenen D\u00fcnya Odalar Yar\u0131\u015fmas\u0131nda \u2019Ye\u015fil D\u00f6n\u00fc\u015f\u00fcm\u2019 projesi ile onlarca \u00fclkeyi geride b\u0131rakt\u0131. D\u00fcnyan\u0131n en iyi ilk \u00fc\u00e7 odas\u0131 aras\u0131na girmeyi ba\u015fard\u0131&#8221; dedi.<\/p>\n<p>TOBB Ba\u015fkan\u0131 R\u0131fat Hisarc\u0131kl\u0131o\u011flu, Denizlili i\u015f insanlar\u0131yla bir araya geldi. DSO\u2019nun ev sahipli\u011finde DSO M\u00fcjdat Gezer Toplant\u0131 Salonunda d\u00fczenlen Denizli \u0130\u015f D\u00fcnyas\u0131 \u0130sti\u015fare Toplant\u0131s\u0131na TOBB Ba\u015fkan\u0131 R\u0131fat Hisarc\u0131kl\u0131o\u011flu, DSO Ba\u015fkan\u0131 Selim Kasapo\u011flu, DTO Ba\u015fkan\u0131 U\u011fur Erdo\u011fan ve i\u015f d\u00fcnyas\u0131 temsilcileri kat\u0131ld\u0131.<\/p>\n<p>DSO Ba\u015fkan\u0131 Selim Kasapo\u011flu, yapt\u0131\u011f\u0131 a\u00e7\u0131l\u0131\u015f konu\u015fmas\u0131nda  &#8220;DSO kurumsalla\u015fm\u0131\u015f k\u00fclt\u00fcr\u00fc g\u00fc\u00e7l\u00fc ge\u00e7mi\u015fiyle iftihar eden bir odad\u0131r. \u0130lk kez odam\u0131zda olu\u015fturulan y\u00fcksek isti\u015fare kurulumuz oldu. \u00c7al\u0131\u015fmalar\u0131m\u0131z\u0131 onlarla birlikte de\u011ferlendirerek devam ettiriyoruz. Y\u00f6netim kurulumuz, meclisimiz, komisyonlar\u0131m\u0131z ve \u00fcyelerimizle birlikte bin 300 \u00fcye ile devrald\u0131\u011f\u0131m\u0131z \u00fcye say\u0131s\u0131n\u0131 \u00fc\u00e7 y\u0131lda 2 bin 100\u2019\u00fcn \u00fczerinde \u00e7\u0131kard\u0131k. TOBB ve odalar\u0131m\u0131z\u0131n etki alan\u0131n\u0131 geli\u015ftirdik\u00e7e hizmet kalitesini y\u00fckseltip \u00e7e\u015fitlili\u011fini art\u0131rd\u0131k\u00e7a t\u00fcm toplumun ortak yarar\u0131na kal\u0131c\u0131 sonu\u00e7lar olu\u015fturuyor. TOBB \u00e7at\u0131s\u0131 alt\u0131nda \u015fura toplant\u0131lar\u0131yla m\u00fc\u015fterek isti\u015fare toplant\u0131lar\u0131yla, sahadaki sorunlar\u0131 filtresiz bi\u00e7imde en yetkili b\u00fcrokratlara ve karar al\u0131c\u0131lara ula\u015ft\u0131r\u0131yoruz. Bu s\u00fcrece katk\u0131 sunan T\u00fcrkiye Odalar Borsalar Birli\u011fi\u2019ne bu s\u00fcre\u00e7te emek harcayan o g\u00fcnk\u00fc ba\u015fkan\u0131m\u0131z Ba\u015fkan\u0131m M\u00fcjdat Ke\u00e7eci\u2019ye ve Meclis Ba\u015fkan\u0131m\u0131z Mehmet Tosuno\u011flu\u2019na ve t\u00fcm y\u00f6netim kurulu \u00fcyelerine ve meclis \u00fcyelerine buradan tekrar te\u015fekk\u00fcrlerimi sunuyorum&#8221; dedi.<\/p>\n<p>&#8220;DSO, Denizli\u2019nin marka de\u011ferini b\u00fcy\u00fct\u00fcyor&#8221;<br \/>\n<br \/>DSO\u2019nun \u00e7al\u0131\u015fmalar\u0131n\u0131 taktir etti\u011fini belirten TOBB Ba\u015fkan\u0131 R\u0131fat Hisarc\u0131kl\u0131o\u011flu, &#8220;TOBB olarak, Buldan, Sarayk\u00f6y ve Babada\u011f\u2019da yapt\u0131rd\u0131\u011f\u0131m\u0131z okullar\u0131n a\u00e7\u0131l\u0131\u015flar\u0131n\u0131 ger\u00e7ekle\u015ftirdik. Denizli Merkezefendi\u2019deki okulun a\u00e7\u0131l\u0131\u015f\u0131n\u0131 da 2022\u2019de yapm\u0131\u015ft\u0131k. Ac\u0131payam ve Tavas\u2019ta yapt\u0131\u011f\u0131m\u0131z okullar\u0131n a\u00e7\u0131l\u0131\u015f\u0131n\u0131 da bir dahaki geldi\u011fimizde yapaca\u011f\u0131z in\u015fallah. B\u00f6ylece sizlerin talebiyle toplamda 6 okulu, Denizli\u2019mize kazand\u0131rm\u0131\u015f olduk \u015eimdi de Sanayi Odam\u0131z\u0131n ev sahipli\u011finde bir araya geldik Sizlerle isti\u015fare etmek istedik DSO hepimizin gurur duymas\u0131 gereken bir noktada. DSO D\u00fcnya y\u0131ld\u0131zlama listesi Akredite\u2019sinde 5 y\u0131ld\u0131za sahip. Devaml\u0131 \u00e7al\u0131\u015f\u0131yor, \u00fcretiyor ve Denizli\u2019nin marka de\u011ferini b\u00fcy\u00fct\u00fcyor. Denizli Model Fabrika, Denizli Sanayi Odam\u0131z\u0131n \u00f6nc\u00fcl\u00fc\u011f\u00fcnde hayata ge\u00e7irildi. \u0130\u015fletmelerimize, verimlilik ve dijital d\u00f6n\u00fc\u015f\u00fcm gibi alanlar\u0131nda, \u00f6nemli katk\u0131lar sa\u011fl\u0131yor. Sanayicilerimize, \u00e7a\u011f\u0131n gerektirdi\u011fi \u00fcretim teknikleri ve dijital d\u00f6n\u00fc\u015f\u00fcm konusunda yol g\u00f6sterici bir rol \u00fcstleniyor. Odam\u0131z\u0131n Mesleki \u0130\u015fbirli\u011fi Projesi, sanayi-e\u011fitim i\u015f birli\u011fi modelini, sistematik bir y\u00f6netim yap\u0131s\u0131na kavu\u015fturuyor. Biz de Y\u00d6K ile protokol yaparak, Odalar\u0131m\u0131z\u0131n MYO\u2019lara hamilik yapmaya ba\u015flamalar\u0131n\u0131 sa\u011flad\u0131k. DSO\u2019da bu konuda \u00f6nemli bir ad\u0131m att\u0131. Pamukkale \u00dcniversitesi, \u00c7ardak OSB ve Denizli Teknik Bilimler Meslek Y\u00fcksekokulu\u2019na hamilik yap\u0131yor. Denizli, Metal, makine, d\u00f6k\u00fcm, kablo, elektrik-elektronik ve tekstil gibi \u00e7ok geni\u015f bir \u00fcretim k\u00fclt\u00fcr\u00fcne sahip. \u0130\u015fte Odam\u0131z, Denizli sanayisinin, savunma ve havac\u0131l\u0131k ekosistemine entegrasyonu i\u00e7in de ad\u0131m at\u0131yor. B\u00f6ylece, Denizli\u2019de, ileri teknoloji \u00fcretime ge\u00e7ilmesine de \u00f6nc\u00fcl\u00fck etmi\u015f oluyor. Denizli\u2019nin rekabet g\u00fcc\u00fcn\u00fc ve marka de\u011feri art\u0131racak, t\u00fcm bu \u00e7al\u0131\u015fmalar\u0131n\u0131zla gurur duyuyorum. B\u00f6ylesi \u00e7a\u011fda\u015f ve vizyoner yakla\u015f\u0131mlar\u0131ndan dolay\u0131, Odam\u0131z\u0131, Ba\u015fkan\u0131m\u0131z\u0131, Y\u00f6netim Kurulunu, Meclisimizi, Genel Sekreterimizi ve ekibini y\u00fcrekten tebrik ediyorum&#8221; ifadelerini kulland\u0131.<\/p>\n<p>&#8220;DSO D\u00fcnya 3.\u2019s\u00fc&#8221;<br \/>\n<br \/>DSO\u2019nun Ye\u015fil D\u00f6n\u00fc\u015f\u00fcm Projesi ile elde etti\u011fi ba\u015far\u0131y\u0131 tebrik eden TOBB Ba\u015fkan\u0131 Hisarc\u0131kl\u0131o\u011flu, &#8220;DSO, 3 ay \u00f6nce Avustralya\u2019da d\u00fczenlenen D\u00fcnya Odalar Yar\u0131\u015fmas\u0131nda \u2019Ye\u015fil D\u00f6n\u00fc\u015f\u00fcm\u2019 projesi ile onlarca \u00fclkeyi geride b\u0131rakt\u0131. D\u00fcnyan\u0131n en iyi ilk \u00fc\u00e7 odas\u0131 aras\u0131na girmeyi ba\u015fard\u0131. Bu \u00f6d\u00fcl, hem Denizli\u2019nin, hem de, T\u00fcrk oda sisteminin, k\u00fcresel \u00f6l\u00e7ekte ula\u015ft\u0131\u011f\u0131 itibar\u0131 da g\u00f6steriyor. Denizli SO\u2019m\u0131z, ye\u015fil d\u00f6n\u00fc\u015f\u00fcmde d\u00fcnyan\u0131n ilk \u00fc\u00e7 odas\u0131ndan biri se\u00e7ilerek, \u00fclkemize ve bizlere, bir b\u00fcy\u00fck gurur daha ya\u015fatt\u0131. Bu ba\u015far\u0131, T\u00fcrk \u00f6zel sekt\u00f6r\u00fcn\u00fcn azminin, vizyonunun ve birlik ruhunun da eseridir. Selim Kasapo\u011flu ba\u015fkan\u0131m\u0131zla ve ekibiyle, bir kez daha iftihar ettim. Kendilerine tekrar y\u00fcrekten tebriklerimi sunuyorum&#8221; \u015feklinde konu\u015ftu.<\/p>\n<p>&#8220;Denizli\u2019de ya\u015fanan sorunlar\u0131 \u00e7\u00f6z\u00fcm bulmak i\u00e7in el birli\u011fi ile \u00e7al\u0131\u015f\u0131yoruz&#8221;<br \/>\n<br \/>Denizlili i\u015f d\u00fcnyas\u0131n\u0131n ya\u015fad\u0131\u011f\u0131 sorunlar\u0131 gerekli bakanl\u0131k ve kurumlara ilettiklerini  ve iletmeye devam edeceklerini ifade eden TOBB Ba\u015fkan\u0131 Hisarc\u0131kl\u0131o\u011flu, &#8220;Son birka\u00e7 ay zarf\u0131nda, Merkez Bankas\u0131 Ba\u015fkan\u0131yla, Cumhurba\u015fkan\u0131 Yard\u0131mc\u0131s\u0131 Cevdet Y\u0131lmazla, Hazine-Maliye Bakan\u0131 Mehmet \u015eim\u015fek\u2019le, daha pek \u00e7ok Bakanl\u0131kla bir araya geldik. Selim Kasapo\u011flu Ba\u015fkan\u0131m\u0131z da, Denizli\u2019yi temsilen, sanayinin ortak sorunlar\u0131n\u0131, kapsaml\u0131 bir \u015fekilde,  Cevdet Y\u0131lmaz\u2019a ve ilgili t\u00fcm Bakanl\u0131klara aktard\u0131. \u00d6zellikle de tekstil ve haz\u0131r giyim sekt\u00f6r\u00fcn\u00fcn durumunu, ayr\u0131nt\u0131l\u0131 \u015fekilde sundu. Sekt\u00f6r\u00fcn kar\u015f\u0131 kar\u015f\u0131ya oldu\u011fu rekabet sorunlar\u0131n\u0131 da aktard\u0131. Ayr\u0131ca, reel sekt\u00f6rde ilave tedbirlere ihtiya\u00e7 oldu\u011funu da s\u00f6yledik. Bunlar nelerdi, \u00f6zetlemek gerekirse; En \u00f6nemli konumuz finansmana eri\u015fim dedik. \u00d6zellikle de KOB\u0130\u2019lerin finansmana eri\u015fimleri kolayla\u015ft\u0131r\u0131lmal\u0131. Sizlerin talebiyle KGF kefaletli Nefes Kredilerini ba\u015flatt\u0131k. \u00dcyelerimizi, 80 milyar liral\u0131k d\u00fc\u015f\u00fck faizli krediye ula\u015ft\u0131rd\u0131k. Denizli\u2019de de 873 \u00fcyemiz 1,2 milyar TL\u2019lik kredi kullanm\u0131\u015f oldu. \u00d6te taraftan, enflasyondaki gerilemeyle birlikte, Merkez Bankas\u0131 politika faizi d\u00fc\u015f\u00fcyor Bunun ayn\u0131 \u015fekilde ticari kredi faizlerine yans\u0131mas\u0131 gerekiyor. Ayr\u0131ca, krediye ula\u015f\u0131m\u0131 kolayla\u015ft\u0131rmak \u00fczere, ticari kredi kartlar\u0131 da dahil, nakdi kredi art\u0131\u015f\u0131 s\u0131n\u0131rlayan d\u00fczenlemeler kald\u0131r\u0131lmal\u0131. Merkez Bankas\u0131\u2019n\u0131n d\u00f6viz d\u00f6n\u00fc\u015f\u00fcm deste\u011fi uygulamas\u0131, hem yeterli gelmiyor, hem de \u015fartlar\u0131 \u00e7ok a\u011f\u0131r. \u0130hracat yapan \u00fcyelerimizin, be\u015fte birinden az\u0131, buna ula\u015fabiliyor. Bu uygulama daha basit hale d\u00f6n\u00fc\u015ft\u00fcrmeli, miktar\u0131 ve s\u00fcresi de art\u0131r\u0131lmal\u0131. \u00d6zel sekt\u00f6r\u00fcn KDV alacaklar\u0131 meselesine de art\u0131k bir \u00e7\u00f6z\u00fcm sa\u011flanmal\u0131. En az\u0131ndan 2026 ba\u015f\u0131ndan itibaren y\u0131l sonlar\u0131nda iadesi sa\u011flanmal\u0131. Emek yo\u011fun sekt\u00f6rlerdeki imalat\u00e7\u0131lara y\u00f6nelik, istihdam koruma deste\u011fi sa\u011flanm\u0131\u015ft\u0131. Biz de bu deste\u011fin, sekt\u00f6r\u00fcn tamam\u0131na yayg\u0131nla\u015ft\u0131r\u0131lmas\u0131n\u0131 talep etmi\u015ftik, H\u00fck\u00fcmetimiz bunu dikkate ald\u0131 ve 2026 i\u00e7in bu deste\u011fi 3 bin 500 liraya y\u00fckseltti. B\u00fcy\u00fck \u00f6l\u00e7ekli firmalar\u0131m\u0131z\u0131 da dahil etti&#8221; diye konu\u015ftu.<\/p>\n<p>&#8220;\u0130stihdamlar\u0131n\u0131 koruyabilmeleri i\u00e7in, k\u0131sa \u00e7al\u0131\u015fma \u00f6dene\u011fi devreye al\u0131n\u0131p, aktif \u015fekilde kullan\u0131lmal\u0131&#8221;<br \/>\n<br \/>Tekstil, haz\u0131r giyim, deri ve mobilya olmak \u00fczere, emek yo\u011fun sekt\u00f6rlere ek destekler sa\u011flanmas\u0131 gerekti\u011fini vurgulayan TOBB Ba\u015fkan\u0131 Hisarc\u0131kl\u0131o\u011flu, &#8220;Mevcut istihdamlar\u0131n\u0131 koruyabilmeleri i\u00e7in, k\u0131sa \u00e7al\u0131\u015fma \u00f6dene\u011fi devreye al\u0131n\u0131p, aktif \u015fekilde kullan\u0131lmal\u0131. Zira bunlar, \u00fclkemize istihdam ve d\u00f6viz kazand\u0131ran sekt\u00f6rlerin ba\u015f\u0131nda yer al\u0131yor. Neredeyse 100 y\u0131ll\u0131k bir emekle, m\u00fccadeleyle ve s\u0131f\u0131rdan kurduklar\u0131 giri\u015fimleriyle, bug\u00fcnlere geldiler. Onlar\u0131 kendi ba\u015flar\u0131na b\u0131rakamay\u0131z, y\u0131llar\u0131n eme\u011fini terk edemeyiz. Sekt\u00f6rlerdeki firmalar\u0131m\u0131z\u0131n her biri, \u00fclkemizin milli de\u011feridir. Korunmay\u0131 ve desteklemeyi hak etmektedir. Do\u011fru politikalarla desteklendi\u011fi durumda, bu sekt\u00f6rlerimiz, ge\u00e7mi\u015fte oldu\u011fu gibi, \u00f6n\u00fcm\u00fczdeki d\u00f6nemde de, d\u0131\u015f a\u00e7\u0131\u011f\u0131n ve i\u015fsizli\u011fin en \u00f6nemli panzehiri olacakt\u0131r. \u00d6te taraftan, uzakdo\u011fu\u2019dan gelen ve ba\u015fta \u00c7in olmak \u00fczere \u00e7o\u011fu dampingli ithalat\u0131n yol a\u00e7t\u0131\u011f\u0131, haks\u0131z ve y\u0131k\u0131c\u0131 rekabetle de kar\u015f\u0131 kar\u015f\u0131yay\u0131z. \u00d6zellikle \u00c7in\u2019e y\u00f6nelik, muhakkak kapsaml\u0131 bir tedbir paketi ve stratejimiz olmal\u0131. \u0130\u015fg\u00fcc\u00fc piyasas\u0131 reformuyla istihdam art\u0131\u015f\u0131 cazip hale d\u00f6n\u00fc\u015ft\u00fcr\u00fclmelidir. Asgari \u00fccret deste\u011fi, asgari \u00fccretteki art\u0131\u015fa paralel \u015fekilde y\u00fckseltilmelidir.  \u015eirketleri kay\u0131t d\u0131\u015f\u0131na y\u00f6nlendiren, Kanunen Kabul Edilmeyen Gider uygulamas\u0131 kald\u0131r\u0131lmal\u0131d\u0131r&#8221; dedi.<br \/><\/p>\n","protected":false},"excerpt":{"rendered":"<p>T\u00fcrkiye Odalar ve Borsalar Birli\u011fi (TOBB) Ba\u015fkan\u0131 R\u0131fat Hisarc\u0131kl\u0131o\u011flu, Denizli Sanayi Odas\u0131\u2019n\u0131n (DSO) ev sahipli\u011finde d\u00fczenlenen isti\u015fare toplant\u0131s\u0131nda Denizli i\u015f d\u00fcnyas\u0131n\u0131n talep ve sorunlar\u0131 dinledi. DSO\u2019nun kentin marka de\u011ferini art\u0131rd\u0131\u011f\u0131n\u0131 belirten Hisarc\u0131kl\u0131o\u011flu; &#8220;DSO, 3 ay \u00f6nce Avustralya\u2019da d\u00fczenlenen D\u00fcnya Odalar Yar\u0131\u015fmas\u0131nda \u2019Ye\u015fil D\u00f6n\u00fc\u015f\u00fcm\u2019 projesi ile onlarca \u00fclkeyi geride b\u0131rakt\u0131. D\u00fcnyan\u0131n en iyi ilk \u00fc\u00e7 odas\u0131&#8230;<\/p>\n","protected":false},"author":1,"featured_media":74573,"comment_status":"open","ping_status":"open","sticky":false,"template":"","format":"standard","meta":{"_crdt_document":"","footnotes":""},"categories":[125],"tags":[],"class_list":["post-74572","post","type-post","status-publish","format-standard","has-post-thumbnail","hentry","category-ekonomi"],"_links":{"self":[{"href":"https:\/\/www.egemtv.com\/index.php?rest_route=\/wp\/v2\/posts\/74572","targetHints":{"allow":["GET"]}}],"collection":[{"href":"https:\/\/www.egemtv.com\/index.php?rest_route=\/wp\/v2\/posts"}],"about":[{"href":"https:\/\/www.egemtv.com\/index.php?rest_route=\/wp\/v2\/types\/post"}],"author":[{"embeddable":true,"href":"https:\/\/www.egemtv.com\/index.php?rest_route=\/wp\/v2\/users\/1"}],"replies":[{"embeddable":true,"href":"https:\/\/www.egemtv.com\/index.php?rest_route=%2Fwp%2Fv2%2Fcomments&post=74572"}],"version-history":[{"count":1,"href":"https:\/\/www.egemtv.com\/index.php?rest_route=\/wp\/v2\/posts\/74572\/revisions"}],"predecessor-version":[{"id":74574,"href":"https:\/\/www.egemtv.com\/index.php?rest_route=\/wp\/v2\/posts\/74572\/revisions\/74574"}],"wp:featuredmedia":[{"embeddable":true,"href":"https:\/\/www.egemtv.com\/index.php?rest_route=\/wp\/v2\/media\/74573"}],"wp:attachment":[{"href":"https:\/\/www.egemtv.com\/index.php?rest_route=%2Fwp%2Fv2%2Fmedia&parent=74572"}],"wp:term":[{"taxonomy":"category","embeddable":true,"href":"https:\/\/www.egemtv.com\/index.php?rest_route=%2Fwp%2Fv2%2Fcategories&post=74572"},{"taxonomy":"post_tag","embeddable":true,"href":"https:\/\/www.egemtv.com\/index.php?rest_route=%2Fwp%2Fv2%2Ftags&post=74572"}],"curies":[{"name":"wp","href":"https:\/\/api.w.org\/{rel}","templated":true}]}}