{"id":74569,"date":"2025-12-16T15:55:37","date_gmt":"2025-12-16T12:55:37","guid":{"rendered":"https:\/\/www.egemtv.com\/?p=74569"},"modified":"2025-12-16T15:55:38","modified_gmt":"2025-12-16T12:55:38","slug":"merkezefendide-buz-pateni-pisti-acildi","status":"publish","type":"post","link":"https:\/\/www.egemtv.com\/?p=74569","title":{"rendered":"Merkezefendi\u2019de buz pateni pisti a\u00e7\u0131ld\u0131"},"content":{"rendered":"<p>Merkezefendi Belediyesi, \u00e7ocuklar\u0131n ve ailelerin keyifli vakit ge\u00e7irmesi i\u00e7in Merkezefendi K\u00fclt\u00fcr Merkezi\u2019nin yan\u0131nda Buz Pateni Pisti\u2019ni vatanda\u015flar\u0131n hizmetine sundu. Renkli etkinlik alanlar\u0131yla dikkat \u00e7eken pist, Mart ay\u0131na kadar a\u00e7\u0131k kalacak.<\/p>\n<p>Sosyal ve k\u00fclt\u00fcrel etkinliklerle il\u00e7e genelinde \u00e7al\u0131\u015fmalar\u0131n\u0131 s\u00fcrd\u00fcren Merkezefendi Belediyesi, \u00e7ocuklar ve gen\u00e7ler i\u00e7in e\u011flence dolu bir alan olu\u015fturdu. Merkezefendi K\u00fclt\u00fcr Merkezi\u2019nin yan taraf\u0131na kurulan geni\u015f Buz Pateni Pisti, k\u0131sa s\u00fcrede \u00e7ocuklar\u0131n ve gen\u00e7lerin bulu\u015fma noktas\u0131 haline geldi. \u00c7ocuklar buz pateni yapman\u0131n keyfini ya\u015farken, aileler i\u00e7in de alan \u00e7evresinde sokak lezzetleri, lunapark ve al\u0131\u015fveri\u015f stantlar\u0131 kuruldu. Yiyecek-i\u00e7ecek kiosklar\u0131 ve \u00e7e\u015fitli stantlarla zenginle\u015ftirilen alanda her ya\u015ftan ziyaret\u00e7i keyifli vakit ge\u00e7irebilecek. Buz Pisti\u2019nde vatanda\u015flar Mart ay\u0131na kadar her g\u00fcn 12.00 &#8211; 22.00 saatleri aras\u0131nda giri\u015f yapabilecek.<\/p>\n<p>&#8220;K\u0131\u015f boyunca e\u011flence Merkezefendi\u2019de ya\u015fanacak&#8221;<br \/>\n<br \/>\u00c7ocuklar\u0131n mutlulu\u011funun kendileri i\u00e7in \u00e7ok k\u0131ymetli oldu\u011funu ifade eden Merkezefendi Belediye Ba\u015fkan\u0131 \u015eeniz Do\u011fan, &#8220;\u00c7ocuklar\u0131m\u0131z\u0131n g\u00fczel hat\u0131ralar biriktirmesini istedik. Bu d\u00fc\u015f\u00fcnceyle Merkezefendi K\u00fclt\u00fcr Merkezi\u2019mizin yan taraf\u0131na b\u00fcy\u00fck bir Buz Pateni Pisti kurduk. \u00c7ocuklar\u0131m\u0131z e\u011flenirken, ailelerimizin de keyifle vakit ge\u00e7irebilmesi i\u00e7in sokak lezzetleri, lunapark ve al\u0131\u015fveri\u015f stantlar\u0131yla alan\u0131 daha da renklendirdik. Pistimiz 12.00 &#8211; 22.00 saatleri aras\u0131nda her g\u00fcn Mart ay\u0131na kadar a\u00e7\u0131k olacak. T\u00fcm hem\u015fehrilerimizi bu keyifli atmosfere davet ediyorum&#8221; dedi.<br \/><\/p>\n","protected":false},"excerpt":{"rendered":"<p>Merkezefendi Belediyesi, \u00e7ocuklar\u0131n ve ailelerin keyifli vakit ge\u00e7irmesi i\u00e7in Merkezefendi K\u00fclt\u00fcr Merkezi\u2019nin yan\u0131nda Buz Pateni Pisti\u2019ni vatanda\u015flar\u0131n hizmetine sundu. Renkli etkinlik alanlar\u0131yla dikkat \u00e7eken pist, Mart ay\u0131na kadar a\u00e7\u0131k kalacak. Sosyal ve k\u00fclt\u00fcrel etkinliklerle il\u00e7e genelinde \u00e7al\u0131\u015fmalar\u0131n\u0131 s\u00fcrd\u00fcren Merkezefendi Belediyesi, \u00e7ocuklar ve gen\u00e7ler i\u00e7in e\u011flence dolu bir alan olu\u015fturdu. Merkezefendi K\u00fclt\u00fcr Merkezi\u2019nin yan taraf\u0131na kurulan&#8230;<\/p>\n","protected":false},"author":1,"featured_media":74570,"comment_status":"open","ping_status":"open","sticky":false,"template":"","format":"standard","meta":{"_crdt_document":"","footnotes":""},"categories":[4],"tags":[],"class_list":["post-74569","post","type-post","status-publish","format-standard","has-post-thumbnail","hentry","category-spor"],"_links":{"self":[{"href":"https:\/\/www.egemtv.com\/index.php?rest_route=\/wp\/v2\/posts\/74569","targetHints":{"allow":["GET"]}}],"collection":[{"href":"https:\/\/www.egemtv.com\/index.php?rest_route=\/wp\/v2\/posts"}],"about":[{"href":"https:\/\/www.egemtv.com\/index.php?rest_route=\/wp\/v2\/types\/post"}],"author":[{"embeddable":true,"href":"https:\/\/www.egemtv.com\/index.php?rest_route=\/wp\/v2\/users\/1"}],"replies":[{"embeddable":true,"href":"https:\/\/www.egemtv.com\/index.php?rest_route=%2Fwp%2Fv2%2Fcomments&post=74569"}],"version-history":[{"count":1,"href":"https:\/\/www.egemtv.com\/index.php?rest_route=\/wp\/v2\/posts\/74569\/revisions"}],"predecessor-version":[{"id":74571,"href":"https:\/\/www.egemtv.com\/index.php?rest_route=\/wp\/v2\/posts\/74569\/revisions\/74571"}],"wp:featuredmedia":[{"embeddable":true,"href":"https:\/\/www.egemtv.com\/index.php?rest_route=\/wp\/v2\/media\/74570"}],"wp:attachment":[{"href":"https:\/\/www.egemtv.com\/index.php?rest_route=%2Fwp%2Fv2%2Fmedia&parent=74569"}],"wp:term":[{"taxonomy":"category","embeddable":true,"href":"https:\/\/www.egemtv.com\/index.php?rest_route=%2Fwp%2Fv2%2Fcategories&post=74569"},{"taxonomy":"post_tag","embeddable":true,"href":"https:\/\/www.egemtv.com\/index.php?rest_route=%2Fwp%2Fv2%2Ftags&post=74569"}],"curies":[{"name":"wp","href":"https:\/\/api.w.org\/{rel}","templated":true}]}}