{"id":74566,"date":"2025-12-16T15:55:36","date_gmt":"2025-12-16T12:55:36","guid":{"rendered":"https:\/\/www.egemtv.com\/?p=74566"},"modified":"2025-12-16T15:55:37","modified_gmt":"2025-12-16T12:55:37","slug":"buldana-257-milyonluk-alt-yapi-yatirimi","status":"publish","type":"post","link":"https:\/\/www.egemtv.com\/?p=74566","title":{"rendered":"Buldan\u2019a 25,7 milyonluk alt yap\u0131 yat\u0131r\u0131m\u0131"},"content":{"rendered":"<p>DEN\u0130ZL\u0130 (\u0130HA) \u2013  Buldan il\u00e7e merkezinde altyap\u0131y\u0131 g\u00fc\u00e7lendirmek amac\u0131yla 25,7 milyon b\u00fct\u00e7eyle 2 bin 860 metre uzunlu\u011funda ya\u011fmur suyu hatt\u0131 d\u00f6\u015fenecek.<\/p>\n<p>Buldan\u2019da ya\u011f\u0131\u015fl\u0131 d\u00f6nemlerde y\u00fczey ak\u0131\u015f\u0131n\u0131n kontrols\u00fcz \u015fekilde ilerlemesi, yo\u011fun ya\u011f\u0131\u015flarda su birikintilerinin olu\u015fmas\u0131na; yollar\u0131n ve kald\u0131r\u0131mlar\u0131n zarar g\u00f6rmesine ve ula\u015f\u0131m\u0131n olumsuz etkilenmesine neden oluyordu. Bu durum, \u00e7evresel ve yap\u0131sal riskleri de beraberinde getiriyordu. Devreye al\u0131nacak yeni ya\u011fmur suyu hatt\u0131yla birlikte bu olumsuzluklar\u0131n giderilmesi ve ya\u011f\u0131\u015f kaynakl\u0131 sorunlar\u0131n kal\u0131c\u0131 olarak ortadan kald\u0131r\u0131lmas\u0131 hedefleniyor.<\/p>\n<p>\u0130l\u00e7ede 25 milyon 700 bin TL\u2019lik yat\u0131r\u0131m b\u00fct\u00e7esiyle hayata ge\u00e7irilecek olan proje ile Buldan\u2019\u0131n altyap\u0131s\u0131n\u0131n uzun \u00f6m\u00fcrl\u00fc, dayan\u0131kl\u0131 ve modern bir yap\u0131ya kavu\u015fturulmas\u0131 ama\u00e7lan\u0131yor. Proje kapsam\u0131nda 2 bin 860 metrelik ya\u011fmur suyu hatt\u0131 d\u00f6\u015fenerek b\u00f6lgenin ihtiya\u00e7 duydu\u011fu g\u00fcvenli altyap\u0131n\u0131n temeli olu\u015fturulacak. \u00dcstyap\u0131da ger\u00e7ekle\u015ftirilecek asfaltlama i\u015flemlerinden \u00f6nce tamamlanan bu altyap\u0131 \u00e7al\u0131\u015fmas\u0131 sayesinde hem gelecekte olu\u015fabilecek mali kay\u0131plar \u00f6nlenecek hem de \u00fcstyap\u0131 projelerinin daha h\u0131zl\u0131 ve verimli \u015fekilde ilerlemesi sa\u011flanacak. B\u00f6ylece Buldan il\u00e7e merkezi, uzun vadeli, g\u00fcvenli ve s\u00fcrd\u00fcr\u00fclebilir bir altyap\u0131ya kavu\u015fmu\u015f olacak.<br \/><\/p>\n","protected":false},"excerpt":{"rendered":"<p>DEN\u0130ZL\u0130 (\u0130HA) \u2013 Buldan il\u00e7e merkezinde altyap\u0131y\u0131 g\u00fc\u00e7lendirmek amac\u0131yla 25,7 milyon b\u00fct\u00e7eyle 2 bin 860 metre uzunlu\u011funda ya\u011fmur suyu hatt\u0131 d\u00f6\u015fenecek. Buldan\u2019da ya\u011f\u0131\u015fl\u0131 d\u00f6nemlerde y\u00fczey ak\u0131\u015f\u0131n\u0131n kontrols\u00fcz \u015fekilde ilerlemesi, yo\u011fun ya\u011f\u0131\u015flarda su birikintilerinin olu\u015fmas\u0131na; yollar\u0131n ve kald\u0131r\u0131mlar\u0131n zarar g\u00f6rmesine ve ula\u015f\u0131m\u0131n olumsuz etkilenmesine neden oluyordu. Bu durum, \u00e7evresel ve yap\u0131sal riskleri de beraberinde getiriyordu. Devreye&#8230;<\/p>\n","protected":false},"author":1,"featured_media":74567,"comment_status":"open","ping_status":"open","sticky":false,"template":"","format":"standard","meta":{"_crdt_document":"","footnotes":""},"categories":[1],"tags":[],"class_list":["post-74566","post","type-post","status-publish","format-standard","has-post-thumbnail","hentry","category-guncel"],"_links":{"self":[{"href":"https:\/\/www.egemtv.com\/index.php?rest_route=\/wp\/v2\/posts\/74566","targetHints":{"allow":["GET"]}}],"collection":[{"href":"https:\/\/www.egemtv.com\/index.php?rest_route=\/wp\/v2\/posts"}],"about":[{"href":"https:\/\/www.egemtv.com\/index.php?rest_route=\/wp\/v2\/types\/post"}],"author":[{"embeddable":true,"href":"https:\/\/www.egemtv.com\/index.php?rest_route=\/wp\/v2\/users\/1"}],"replies":[{"embeddable":true,"href":"https:\/\/www.egemtv.com\/index.php?rest_route=%2Fwp%2Fv2%2Fcomments&post=74566"}],"version-history":[{"count":1,"href":"https:\/\/www.egemtv.com\/index.php?rest_route=\/wp\/v2\/posts\/74566\/revisions"}],"predecessor-version":[{"id":74568,"href":"https:\/\/www.egemtv.com\/index.php?rest_route=\/wp\/v2\/posts\/74566\/revisions\/74568"}],"wp:featuredmedia":[{"embeddable":true,"href":"https:\/\/www.egemtv.com\/index.php?rest_route=\/wp\/v2\/media\/74567"}],"wp:attachment":[{"href":"https:\/\/www.egemtv.com\/index.php?rest_route=%2Fwp%2Fv2%2Fmedia&parent=74566"}],"wp:term":[{"taxonomy":"category","embeddable":true,"href":"https:\/\/www.egemtv.com\/index.php?rest_route=%2Fwp%2Fv2%2Fcategories&post=74566"},{"taxonomy":"post_tag","embeddable":true,"href":"https:\/\/www.egemtv.com\/index.php?rest_route=%2Fwp%2Fv2%2Ftags&post=74566"}],"curies":[{"name":"wp","href":"https:\/\/api.w.org\/{rel}","templated":true}]}}