{"id":74563,"date":"2025-12-16T15:34:50","date_gmt":"2025-12-16T12:34:50","guid":{"rendered":"https:\/\/www.egemtv.com\/?p=74563"},"modified":"2025-12-16T15:34:51","modified_gmt":"2025-12-16T12:34:51","slug":"bodrumda-yavru-caretta-caretta-kiyiya-vurdu","status":"publish","type":"post","link":"https:\/\/www.egemtv.com\/?p=74563","title":{"rendered":"Bodrum\u2019da yavru caretta caretta k\u0131y\u0131ya vurdu"},"content":{"rendered":"<p>Mu\u011fla\u2019n\u0131n Bodrum il\u00e7esinde telef olan yavru caretta caretta sahile vurdu.<\/p>\n<p>Olay, Torba Mahallesi sahilinde meydana geldi. Sahilde dola\u015fan vatanda\u015flar, k\u0131y\u0131da hareketsiz halde duran caretta caretta cinsi yavru deniz kaplumba\u011fas\u0131n\u0131 fark ederek durumu belediye ekiplerine bildirdi. \u0130hbar \u00fczerine b\u00f6lgeye sevk edilen zab\u0131ta ekipleri, yapt\u0131klar\u0131 kontrolde deniz kaplumba\u011fas\u0131n\u0131n telef oldu\u011funu tespit etti. \u0130lk incelemede, yavru caretta carettan\u0131n v\u00fccudunun \u00e7e\u015fitli b\u00f6lgelerinde bozulmalar oldu\u011fu belirlendi. \u00d6l\u00fc deniz kaplumba\u011fas\u0131n\u0131n, gerekli i\u015flemlerin ard\u0131ndan belediye ekiplerince sahilden al\u0131narak uygun bir alana g\u00f6m\u00fclece\u011fi \u00f6\u011frenildi.<br \/><\/p>\n","protected":false},"excerpt":{"rendered":"<p>Mu\u011fla\u2019n\u0131n Bodrum il\u00e7esinde telef olan yavru caretta caretta sahile vurdu. Olay, Torba Mahallesi sahilinde meydana geldi. Sahilde dola\u015fan vatanda\u015flar, k\u0131y\u0131da hareketsiz halde duran caretta caretta cinsi yavru deniz kaplumba\u011fas\u0131n\u0131 fark ederek durumu belediye ekiplerine bildirdi. \u0130hbar \u00fczerine b\u00f6lgeye sevk edilen zab\u0131ta ekipleri, yapt\u0131klar\u0131 kontrolde deniz kaplumba\u011fas\u0131n\u0131n telef oldu\u011funu tespit etti. \u0130lk incelemede, yavru caretta carettan\u0131n&#8230;<\/p>\n","protected":false},"author":1,"featured_media":74564,"comment_status":"open","ping_status":"open","sticky":false,"template":"","format":"standard","meta":{"_crdt_document":"","footnotes":""},"categories":[1],"tags":[],"class_list":["post-74563","post","type-post","status-publish","format-standard","has-post-thumbnail","hentry","category-guncel"],"_links":{"self":[{"href":"https:\/\/www.egemtv.com\/index.php?rest_route=\/wp\/v2\/posts\/74563","targetHints":{"allow":["GET"]}}],"collection":[{"href":"https:\/\/www.egemtv.com\/index.php?rest_route=\/wp\/v2\/posts"}],"about":[{"href":"https:\/\/www.egemtv.com\/index.php?rest_route=\/wp\/v2\/types\/post"}],"author":[{"embeddable":true,"href":"https:\/\/www.egemtv.com\/index.php?rest_route=\/wp\/v2\/users\/1"}],"replies":[{"embeddable":true,"href":"https:\/\/www.egemtv.com\/index.php?rest_route=%2Fwp%2Fv2%2Fcomments&post=74563"}],"version-history":[{"count":1,"href":"https:\/\/www.egemtv.com\/index.php?rest_route=\/wp\/v2\/posts\/74563\/revisions"}],"predecessor-version":[{"id":74565,"href":"https:\/\/www.egemtv.com\/index.php?rest_route=\/wp\/v2\/posts\/74563\/revisions\/74565"}],"wp:featuredmedia":[{"embeddable":true,"href":"https:\/\/www.egemtv.com\/index.php?rest_route=\/wp\/v2\/media\/74564"}],"wp:attachment":[{"href":"https:\/\/www.egemtv.com\/index.php?rest_route=%2Fwp%2Fv2%2Fmedia&parent=74563"}],"wp:term":[{"taxonomy":"category","embeddable":true,"href":"https:\/\/www.egemtv.com\/index.php?rest_route=%2Fwp%2Fv2%2Fcategories&post=74563"},{"taxonomy":"post_tag","embeddable":true,"href":"https:\/\/www.egemtv.com\/index.php?rest_route=%2Fwp%2Fv2%2Ftags&post=74563"}],"curies":[{"name":"wp","href":"https:\/\/api.w.org\/{rel}","templated":true}]}}