{"id":74560,"date":"2025-12-16T15:14:52","date_gmt":"2025-12-16T12:14:52","guid":{"rendered":"https:\/\/www.egemtv.com\/?p=74560"},"modified":"2025-12-16T15:14:53","modified_gmt":"2025-12-16T12:14:53","slug":"geka-guney-ege-kooperatifcilik-zirvesine-ev-sahipligi-yapacak","status":"publish","type":"post","link":"https:\/\/www.egemtv.com\/?p=74560","title":{"rendered":"GEKA, G\u00fcney Ege Kooperatif\u00e7ilik Zirvesine ev sahipli\u011fi yapacak"},"content":{"rendered":"<p>DEN\u0130ZL\u0130 (\u0130HA) \u2013 G\u00fcney Ege Kalk\u0131nma Ajans\u0131 (GEKA), G\u00fcney Ege\u2019nin dayan\u0131\u015fma ve \u00fcretim k\u00fclt\u00fcr\u00fcn\u00fc yeniden canland\u0131rmak, kooperatiflerimizi gelece\u011fe ta\u015f\u0131yacak vizyonu \u015fekillendirmek amac\u0131yla d\u00fczenlenecek G\u00fcney Ege Kooperatif\u00e7ilik Zirvesine ev sahipli\u011fi yapacak.<\/p>\n<p>Sanayi ve Teknoloji Bakanl\u0131\u011f\u0131 Kalk\u0131nma Ajanlar\u0131 Genel M\u00fcd\u00fcrl\u00fc\u011f\u00fc koordinasyonunda faaliyetlerini y\u00fcr\u00fcten G\u00fcney Ege Kalk\u0131nma Ajans\u0131, G\u00fcney Ege\u2019nin dayan\u0131\u015fma ve \u00fcretim k\u00fclt\u00fcr\u00fcn\u00fc yeniden canland\u0131rmak, kooperatiflerimizi gelece\u011fe ta\u015f\u0131yacak bir vizyonu birlikte \u015fekillendirmek amac\u0131yla G\u00fcney Ege Kooperatif\u00e7ilik Zirvesi d\u00fczenliyor.<\/p>\n<p>GEKA taraf\u0131ndan haz\u0131rlanan G\u00fcney Ege B\u00f6lgesinde \u00dcreten Kooperatiflerin Mevcut Durum Analizi ve Geli\u015fim Stratejileri Raporu sunumu ve ajans\u0131n b\u00f6lgede kooperatifler ile yapaca\u011f\u0131 faaliyetler hakk\u0131nda bilgilendirme yap\u0131lacak. Ba\u015far\u0131l\u0131 kooperatif uygulamalar\u0131n\u0131n payla\u015f\u0131laca\u011f\u0131 zirvede e-ticaret, markala\u015fma ve fon kaynaklar\u0131na eri\u015fim konular\u0131nda yol haritalar\u0131 sunulacak. Eme\u011fin de\u011ferini b\u00fcy\u00fctmek, yerelden evrensele uzanan g\u00fc\u00e7l\u00fc bir \u00fcretim hik\u00e2yesi yazmak i\u00e7in at\u0131lm\u0131\u015f \u00f6nemli bir ad\u0131m olarak nitelendirilen zirve,  18 Aral\u0131k 2025 Per\u015fembe g\u00fcn\u00fc Denizli Anemon Otelde ger\u00e7ekle\u015fecek.<\/p>\n<p>4 oturum halinde ger\u00e7ekle\u015ftirilecek G\u00fcney Ege Kooperatif\u00e7ilik Zirvesinin birinci oturumunda GEKA uzmanlar\u0131 taraf\u0131ndan &#8220;G\u00fcney Ege B\u00f6lgesi\u2019nde \u00dcretici \u00d6rg\u00fctlerinin Mevcut Durumu ve Geli\u015fim Stratejileri&#8221; sunumu yap\u0131lacak. Ba\u015far\u0131 hikayelerinin payla\u015f\u0131laca\u011f\u0131 ikinci oturumun ard\u0131ndan \u00fc\u00e7\u00fcnc\u00fc oturumda &#8220;E-Ticaret ve Markala\u015fma&#8221; anlat\u0131lacak. Zirve &#8220;Fonlar ve Destek Programlar\u0131&#8221; konulu d\u00f6rd\u00fcnc\u00fc oturumun sonunda sorular\u0131n cevaplanmas\u0131yla sona erecek.<br \/><\/p>\n","protected":false},"excerpt":{"rendered":"<p>DEN\u0130ZL\u0130 (\u0130HA) \u2013 G\u00fcney Ege Kalk\u0131nma Ajans\u0131 (GEKA), G\u00fcney Ege\u2019nin dayan\u0131\u015fma ve \u00fcretim k\u00fclt\u00fcr\u00fcn\u00fc yeniden canland\u0131rmak, kooperatiflerimizi gelece\u011fe ta\u015f\u0131yacak vizyonu \u015fekillendirmek amac\u0131yla d\u00fczenlenecek G\u00fcney Ege Kooperatif\u00e7ilik Zirvesine ev sahipli\u011fi yapacak. Sanayi ve Teknoloji Bakanl\u0131\u011f\u0131 Kalk\u0131nma Ajanlar\u0131 Genel M\u00fcd\u00fcrl\u00fc\u011f\u00fc koordinasyonunda faaliyetlerini y\u00fcr\u00fcten G\u00fcney Ege Kalk\u0131nma Ajans\u0131, G\u00fcney Ege\u2019nin dayan\u0131\u015fma ve \u00fcretim k\u00fclt\u00fcr\u00fcn\u00fc yeniden canland\u0131rmak, kooperatiflerimizi gelece\u011fe&#8230;<\/p>\n","protected":false},"author":1,"featured_media":74561,"comment_status":"open","ping_status":"open","sticky":false,"template":"","format":"standard","meta":{"_crdt_document":"","footnotes":""},"categories":[125],"tags":[],"class_list":["post-74560","post","type-post","status-publish","format-standard","has-post-thumbnail","hentry","category-ekonomi"],"_links":{"self":[{"href":"https:\/\/www.egemtv.com\/index.php?rest_route=\/wp\/v2\/posts\/74560","targetHints":{"allow":["GET"]}}],"collection":[{"href":"https:\/\/www.egemtv.com\/index.php?rest_route=\/wp\/v2\/posts"}],"about":[{"href":"https:\/\/www.egemtv.com\/index.php?rest_route=\/wp\/v2\/types\/post"}],"author":[{"embeddable":true,"href":"https:\/\/www.egemtv.com\/index.php?rest_route=\/wp\/v2\/users\/1"}],"replies":[{"embeddable":true,"href":"https:\/\/www.egemtv.com\/index.php?rest_route=%2Fwp%2Fv2%2Fcomments&post=74560"}],"version-history":[{"count":1,"href":"https:\/\/www.egemtv.com\/index.php?rest_route=\/wp\/v2\/posts\/74560\/revisions"}],"predecessor-version":[{"id":74562,"href":"https:\/\/www.egemtv.com\/index.php?rest_route=\/wp\/v2\/posts\/74560\/revisions\/74562"}],"wp:featuredmedia":[{"embeddable":true,"href":"https:\/\/www.egemtv.com\/index.php?rest_route=\/wp\/v2\/media\/74561"}],"wp:attachment":[{"href":"https:\/\/www.egemtv.com\/index.php?rest_route=%2Fwp%2Fv2%2Fmedia&parent=74560"}],"wp:term":[{"taxonomy":"category","embeddable":true,"href":"https:\/\/www.egemtv.com\/index.php?rest_route=%2Fwp%2Fv2%2Fcategories&post=74560"},{"taxonomy":"post_tag","embeddable":true,"href":"https:\/\/www.egemtv.com\/index.php?rest_route=%2Fwp%2Fv2%2Ftags&post=74560"}],"curies":[{"name":"wp","href":"https:\/\/api.w.org\/{rel}","templated":true}]}}