{"id":74557,"date":"2025-12-16T14:54:50","date_gmt":"2025-12-16T11:54:50","guid":{"rendered":"https:\/\/www.egemtv.com\/?p=74557"},"modified":"2025-12-16T14:54:51","modified_gmt":"2025-12-16T11:54:51","slug":"hisarciklioglu-denizli-ticaret-odamiz-vermis-oldugu-hizmetlerle-5-yildiza-sahip","status":"publish","type":"post","link":"https:\/\/www.egemtv.com\/?p=74557","title":{"rendered":"Hisarc\u0131kl\u0131o\u011flu; &#8220;Denizli Ticaret Odam\u0131z vermi\u015f oldu\u011fu hizmetlerle 5 y\u0131ld\u0131za sahip&#8221;"},"content":{"rendered":"<p>T\u00fcrkiye Odalar ve Borsalar Birli\u011fi (TOBB) Ba\u015fkan\u0131 R\u0131fat Hisarc\u0131kl\u0131o\u011flu, Denizli ziyareti kapsam\u0131nda Denizli Ticaret Odas\u0131\u2019nda \u00fcyerle bir araya geldi. DTO y\u00f6netimini \u00e7al\u0131\u015fmalar\u0131ndan dolay\u0131 tebrik eden Hisarc\u0131kl\u0131o\u011flu; &#8220;Denizli Ticaret Odam\u0131z vermi\u015f oldu\u011fu hizmetlerle 5 y\u0131ld\u0131za sahip&#8221; dedi.<\/p>\n<p>TOBB Ba\u015fkan\u0131 R\u0131fat Hisarc\u0131kl\u0131o\u011flu, Denizli ziyareti kapsam\u0131nda DTO \u00fcyeleriyle de bir araya geldi. Ziyarete, TOBB Ba\u015fkan\u0131 R\u0131fat Hisarc\u0131kl\u0131o\u011flu, DTO Ba\u015fkan\u0131 U\u011fur Erdo\u011fan, DSO Ba\u015fkan\u0131 Selim Kasapo\u011flu ve i\u015f adamlar\u0131 kat\u0131ld\u0131.<\/p>\n<p>&#8220;2026 y\u0131l\u0131 DTO projelerini uygulama y\u0131l\u0131 olacak&#8221;<br \/>\n<br \/>Toplant\u0131n\u0131n a\u00e7\u0131l\u0131\u015f konu\u015fmas\u0131nda DTO Ba\u015fkan\u0131 U\u011fur Erdo\u011fan, &#8220;2025 y\u0131l\u0131 Denizli Ticaret Odas\u0131n\u0131n projelendirme y\u0131l\u0131 oldu. \u0130n\u015fallah 2026 y\u0131l\u0131 ise \u00fcretmi\u015f oldu\u011fumuz projelerin uygulanma y\u0131l\u0131 olaca\u011f\u0131n\u0131 buradan ilan ediyoruz. Bunlardan birisi Denizli\u2019ye uzun y\u0131llar hizmet vermesini arzu etti\u011fimiz yeni Denizli Ticaret Odas\u0131 Binas\u0131n\u0131n temelini atmak. \u0130n\u015fallah binam\u0131z\u0131n temelini ocak ay\u0131 i\u00e7erisinde ataca\u011f\u0131z. Ba\u015fka bir projemiz ise Ticaret Odas\u0131 \u00f6nderli\u011finde bin 200 d\u00f6n\u00fcml\u00fck bir arsa tahsisi i\u00e7in gayretlerimiz devam ediyor. Bu arsa i\u00e7erisinde kusursuz bir g\u0131da sanayisi b\u00f6lgesi ve geri d\u00f6n\u00fc\u015f\u00fcm sanayi b\u00f6lgesi olu\u015fturaca\u011f\u0131z. Bu projenin maliyeti milyar TL\u2019leri buluyor. Deprem ve pandemi d\u00f6nemlerinde en h\u0131zl\u0131 \u00e7\u00f6z\u00fcmler \u00fcreterek bizlere destek olan Ba\u015fkan\u0131m\u0131z R\u0131fat Hisarc\u0131kl\u0131o\u011flu\u2019na te\u015fekk\u00fcr ederim. Ayr\u0131ca Denizli ve il\u00e7elerinde yapt\u0131r\u0131lan TOBB okullar\u0131n\u0131n a\u00e7\u0131l\u0131\u015flar\u0131n\u0131 ger\u00e7ekle\u015ftirdik. Ba\u015fkan\u0131z R\u0131fat Hisarc\u0131kl\u0131o\u011flu\u2019na Denizli\u2019ye vermi\u015f olduklar\u0131 desteklerden dolay\u0131 te\u015fekk\u00fcr ederiz&#8221; \u015feklinde konu\u015ftu.<\/p>\n<p>&#8220;TOBB taraf\u0131ndan Denizli\u2019ye 6 okul yapt\u0131r\u0131ld\u0131&#8221;<br \/>\n<br \/>Denizli\u2019ye hay\u0131rl\u0131 i\u015fler i\u00e7in geldiklerini ifade eden TOBB Ba\u015fkan\u0131 R\u0131fat Hisarc\u0131kl\u0131o\u011flu ise &#8220;TOBB olarak Buldan, Sarayk\u00f6y ve Babada\u011f\u2019a yapt\u0131rd\u0131\u011f\u0131m\u0131z okullar\u0131n a\u00e7\u0131\u015flar\u0131n\u0131 yapmak i\u00e7in geldik. Denizli\u2019de ge\u00e7en y\u0131l a\u00e7\u0131l\u0131\u015f\u0131n\u0131 yapt\u0131\u011f\u0131m\u0131z Merkezefendi\u2019deki okulumuzun a\u00e7\u0131l\u0131\u015f\u0131n\u0131 yapm\u0131\u015ft\u0131. \u0130n\u015fallah yak\u0131n zamanda Ac\u0131payam ve Tavas\u2019ta da in\u015faat\u0131m\u0131z bitirdik. Yak\u0131n zamanda in\u015fallah oralar\u0131nda a\u00e7\u0131l\u0131\u015flar\u0131n\u0131 yapaca\u011f\u0131z. B\u00f6ylelikle toplamda 6 okulu Denizli\u2019mize kazand\u0131rm\u0131\u015f olaca\u011f\u0131z. Denizli Ticaret Odam\u0131z guru duyulmas\u0131 geren bir noktada. 2021 y\u0131l\u0131ndan bu yana kat\u0131ld\u0131\u011f\u0131m\u0131z D\u00fcnya\u2019daki odalar\u0131n\u0131n y\u0131ld\u0131zlanmas\u0131 sisteminde Denizli Ticaret Odam\u0131z vermi\u015f oldu\u011fu hizmetlerler 5 y\u0131ld\u0131za sahip&#8221; ifadelerini kulland\u0131.<\/p>\n<p>&#8220;Y\u00fczde 50\u2019nin \u00fczerindeki faizlerle k\u00e2r elde edemeyiz&#8221;<br \/>\n<br \/>Kobilerin finansmana ula\u015fmas\u0131n\u0131n  kolayla\u015fmas\u0131 gerekti\u011fini ifade eden TOBB Ba\u015fkan\u0131 Hisarc\u0131kl\u0131o\u011flu,  &#8220;Bankalar\u0131n kredi b\u00fcy\u00fcmesine izin vermesi gerekiyor. Komilerimiz krediye ula\u015fmakta zorluk ya\u015f\u0131yor. Bunun di\u011fer yans\u0131mas\u0131 ise bizlere maliyetlerin y\u00fckselmesi. Merkez Bankas\u0131 faizleri d\u00fc\u015f\u00fcr\u00fcyor ama bankalar buna uymuyor d\u00fc\u015f\u00fcrm\u00fcyor. Merkez Bankas\u0131n\u0131n karar\u0131na sayg\u0131 duyarak bankalarda faizleri d\u00fc\u015f\u00fcrs\u00fcn.  Y\u00fczde 53 y\u00fczde 55\u2019lerde bizlerin kredi kullanmas\u0131na imkan yok. Y\u00fczde 50\u2019nin \u00fczerindeki faiz oranlar\u0131yla hi\u00e7bir i\u015fletmenin k\u00e2r etmesi m\u00fcmk\u00fcn de\u011fil&#8221; dedi.<br \/><\/p>\n","protected":false},"excerpt":{"rendered":"<p>T\u00fcrkiye Odalar ve Borsalar Birli\u011fi (TOBB) Ba\u015fkan\u0131 R\u0131fat Hisarc\u0131kl\u0131o\u011flu, Denizli ziyareti kapsam\u0131nda Denizli Ticaret Odas\u0131\u2019nda \u00fcyerle bir araya geldi. DTO y\u00f6netimini \u00e7al\u0131\u015fmalar\u0131ndan dolay\u0131 tebrik eden Hisarc\u0131kl\u0131o\u011flu; &#8220;Denizli Ticaret Odam\u0131z vermi\u015f oldu\u011fu hizmetlerle 5 y\u0131ld\u0131za sahip&#8221; dedi. TOBB Ba\u015fkan\u0131 R\u0131fat Hisarc\u0131kl\u0131o\u011flu, Denizli ziyareti kapsam\u0131nda DTO \u00fcyeleriyle de bir araya geldi. Ziyarete, TOBB Ba\u015fkan\u0131 R\u0131fat Hisarc\u0131kl\u0131o\u011flu, DTO&#8230;<\/p>\n","protected":false},"author":1,"featured_media":74558,"comment_status":"open","ping_status":"open","sticky":false,"template":"","format":"standard","meta":{"_crdt_document":"","footnotes":""},"categories":[125],"tags":[],"class_list":["post-74557","post","type-post","status-publish","format-standard","has-post-thumbnail","hentry","category-ekonomi"],"_links":{"self":[{"href":"https:\/\/www.egemtv.com\/index.php?rest_route=\/wp\/v2\/posts\/74557","targetHints":{"allow":["GET"]}}],"collection":[{"href":"https:\/\/www.egemtv.com\/index.php?rest_route=\/wp\/v2\/posts"}],"about":[{"href":"https:\/\/www.egemtv.com\/index.php?rest_route=\/wp\/v2\/types\/post"}],"author":[{"embeddable":true,"href":"https:\/\/www.egemtv.com\/index.php?rest_route=\/wp\/v2\/users\/1"}],"replies":[{"embeddable":true,"href":"https:\/\/www.egemtv.com\/index.php?rest_route=%2Fwp%2Fv2%2Fcomments&post=74557"}],"version-history":[{"count":1,"href":"https:\/\/www.egemtv.com\/index.php?rest_route=\/wp\/v2\/posts\/74557\/revisions"}],"predecessor-version":[{"id":74559,"href":"https:\/\/www.egemtv.com\/index.php?rest_route=\/wp\/v2\/posts\/74557\/revisions\/74559"}],"wp:featuredmedia":[{"embeddable":true,"href":"https:\/\/www.egemtv.com\/index.php?rest_route=\/wp\/v2\/media\/74558"}],"wp:attachment":[{"href":"https:\/\/www.egemtv.com\/index.php?rest_route=%2Fwp%2Fv2%2Fmedia&parent=74557"}],"wp:term":[{"taxonomy":"category","embeddable":true,"href":"https:\/\/www.egemtv.com\/index.php?rest_route=%2Fwp%2Fv2%2Fcategories&post=74557"},{"taxonomy":"post_tag","embeddable":true,"href":"https:\/\/www.egemtv.com\/index.php?rest_route=%2Fwp%2Fv2%2Ftags&post=74557"}],"curies":[{"name":"wp","href":"https:\/\/api.w.org\/{rel}","templated":true}]}}