{"id":74554,"date":"2025-12-16T14:54:49","date_gmt":"2025-12-16T11:54:49","guid":{"rendered":"https:\/\/www.egemtv.com\/?p=74554"},"modified":"2025-12-16T14:54:50","modified_gmt":"2025-12-16T11:54:50","slug":"buyuksehir-ve-gekadan-akilli-sehir-donusumune-destek","status":"publish","type":"post","link":"https:\/\/www.egemtv.com\/?p=74554","title":{"rendered":"B\u00fcy\u00fck\u015fehir ve GEKA\u2019dan Ak\u0131ll\u0131 \u015eehir D\u00f6n\u00fc\u015f\u00fcm\u00fc\u2019ne destek"},"content":{"rendered":"<p>Mu\u011fla B\u00fcy\u00fck\u015fehir Belediyesi\u2019nin &#8220;Mu\u011fla Ak\u0131ll\u0131 \u015eehir Stratejisi ile Ye\u015fil ve Dijital Gelece\u011fe Uyum E\u011fitim ve Dan\u0131\u015fmanl\u0131k Projesi&#8221; G\u00fcney Ege Kalk\u0131nma Ajans\u0131 (GEKA) taraf\u0131ndan ba\u015flat\u0131lan Teknik Destek Program\u0131 kapsam\u0131nda hibe almaya hak kazand\u0131.<\/p>\n<p>Mu\u011fla B\u00fcy\u00fck\u015fehir Belediyesi, ye\u015fil ve dijital d\u00f6n\u00fc\u015f\u00fcm odakl\u0131 yeni bir kapasite geli\u015ftirme ad\u0131m\u0131 atarak \u015fehirde ak\u0131ll\u0131 kent uygulamalar\u0131n\u0131n g\u00fc\u00e7lendirilmesini ama\u00e7l\u0131yor. Mu\u011fla B\u00fcy\u00fck\u015fehir Belediyesi D\u0131\u015f \u0130li\u015fkiler ve Ak\u0131ll\u0131 \u015eehir ve Kent Bilgi Sistemleri Dairesi Ba\u015fkanl\u0131\u011f\u0131 koordinasyonunda haz\u0131rlanan proje, belediye personeline y\u00f6nelik uygulanacak iki g\u00fcnl\u00fck e\u011fitim s\u00fcrecini ve \u015fehrin 2026-2029 Ak\u0131ll\u0131 \u015eehir Stratejisi\u2019nin olu\u015fturulmas\u0131n\u0131 kaps\u0131yor.<\/p>\n<p>Proje kapsam\u0131nda ilk olarak belediye \u00e7al\u0131\u015fanlar\u0131na ak\u0131ll\u0131 \u015fehir bile\u015fenleri, ulusal stratejiye uyum, iyi uygulama \u00f6rnekleri ve entegrasyon s\u00fcre\u00e7lerini i\u00e7eren kapsaml\u0131 bir e\u011fitim verilecek. E\u011fitimlerin ard\u0131ndan dan\u0131\u015fmanl\u0131k faaliyetleri ile mevcut durum analizi, payda\u015f toplant\u0131lar\u0131, \u00e7evrimi\u00e7i anketler, vizyon belirleme \u00e7al\u0131\u015fmalar\u0131 ve \u00f6ncelikli odak alanlar\u0131n tespiti ger\u00e7ekle\u015ftirilecek. Bu \u00e7al\u0131\u015fmalar\u0131n sonucunda Mu\u011fla\u2019n\u0131n dijitalle\u015fme, s\u00fcrd\u00fcr\u00fclebilirlik, kentsel hareketlilik, \u00e7evre y\u00f6netimi ve ya\u015fam kalitesi ba\u015fl\u0131klar\u0131nda somut proje \u00f6nerilerini i\u00e7eren &#8220;Ak\u0131ll\u0131 \u015eehir Stratejisi ve Yol Haritas\u0131 (2026-2029)&#8221; haz\u0131rlanacak.<\/p>\n<p>Projenin \u00e7\u0131kt\u0131lar\u0131, Mu\u011fla\u2019n\u0131n ye\u015fil d\u00f6n\u00fc\u015f\u00fcm, dijital altyap\u0131, veri temelli karar alma mekanizmalar\u0131 ve kent i\u00e7i koordinasyon s\u00fcre\u00e7lerini g\u00fc\u00e7lendirecek; ayn\u0131 zamanda belediye personelinin teknik kapasitesinin art\u0131r\u0131lmas\u0131na katk\u0131 sa\u011flayacak.<\/p>\n<p>Ba\u015fkan Aras: &#8220;Mu\u011fla\u2019n\u0131n Dijital ve Ye\u015fil D\u00f6n\u00fc\u015f\u00fcm\u00fc\u2019nde \u00f6nc\u00fc bir ad\u0131m at\u0131yoruz&#8221;<br \/>\n<br \/>K\u0131y\u0131 Ege Belediyeler Birli\u011fi ve Mu\u011fla B\u00fcy\u00fck\u015fehir Belediye Ba\u015fkan\u0131 Ahmet Aras proje ile ilgili yapt\u0131\u011f\u0131 a\u00e7\u0131klamada \u015fu ifadelere yer verdi:<br \/>\n<br \/>&#8220;Mu\u011fla\u2019n\u0131n gelece\u011fini planlarken dijital d\u00f6n\u00fc\u015f\u00fcm ile \u00e7evre duyarl\u0131l\u0131\u011f\u0131n\u0131 bir arada ele alan g\u00fc\u00e7l\u00fc bir vizyon ortaya koyuyoruz. Bu proje, hem kurum i\u00e7i teknik kapasitemizi art\u0131racak hem de Mu\u011fla\u2019n\u0131n ak\u0131ll\u0131 \u015fehir yolculu\u011funa stratejik bir y\u00f6n kazand\u0131racak. Payda\u015flar\u0131m\u0131zla birlikte haz\u0131rlanacak yol haritas\u0131 sayesinde \u015fehrimizin ye\u015fil ve dijital d\u00f6n\u00fc\u015f\u00fcm\u00fcn\u00fc h\u0131zland\u0131raca\u011f\u0131z. Mu\u011fla\u2019n\u0131n daha s\u00fcrd\u00fcr\u00fclebilir, daha g\u00fcvenli ve daha ya\u015fanabilir bir kent olmas\u0131 i\u00e7in bu ad\u0131m\u0131 at\u0131yor olmaktan gurur duyuyoruz&#8221;<br \/><\/p>\n","protected":false},"excerpt":{"rendered":"<p>Mu\u011fla B\u00fcy\u00fck\u015fehir Belediyesi\u2019nin &#8220;Mu\u011fla Ak\u0131ll\u0131 \u015eehir Stratejisi ile Ye\u015fil ve Dijital Gelece\u011fe Uyum E\u011fitim ve Dan\u0131\u015fmanl\u0131k Projesi&#8221; G\u00fcney Ege Kalk\u0131nma Ajans\u0131 (GEKA) taraf\u0131ndan ba\u015flat\u0131lan Teknik Destek Program\u0131 kapsam\u0131nda hibe almaya hak kazand\u0131. Mu\u011fla B\u00fcy\u00fck\u015fehir Belediyesi, ye\u015fil ve dijital d\u00f6n\u00fc\u015f\u00fcm odakl\u0131 yeni bir kapasite geli\u015ftirme ad\u0131m\u0131 atarak \u015fehirde ak\u0131ll\u0131 kent uygulamalar\u0131n\u0131n g\u00fc\u00e7lendirilmesini ama\u00e7l\u0131yor. Mu\u011fla B\u00fcy\u00fck\u015fehir Belediyesi&#8230;<\/p>\n","protected":false},"author":1,"featured_media":74555,"comment_status":"open","ping_status":"open","sticky":false,"template":"","format":"standard","meta":{"_crdt_document":"","footnotes":""},"categories":[1],"tags":[],"class_list":["post-74554","post","type-post","status-publish","format-standard","has-post-thumbnail","hentry","category-guncel"],"_links":{"self":[{"href":"https:\/\/www.egemtv.com\/index.php?rest_route=\/wp\/v2\/posts\/74554","targetHints":{"allow":["GET"]}}],"collection":[{"href":"https:\/\/www.egemtv.com\/index.php?rest_route=\/wp\/v2\/posts"}],"about":[{"href":"https:\/\/www.egemtv.com\/index.php?rest_route=\/wp\/v2\/types\/post"}],"author":[{"embeddable":true,"href":"https:\/\/www.egemtv.com\/index.php?rest_route=\/wp\/v2\/users\/1"}],"replies":[{"embeddable":true,"href":"https:\/\/www.egemtv.com\/index.php?rest_route=%2Fwp%2Fv2%2Fcomments&post=74554"}],"version-history":[{"count":1,"href":"https:\/\/www.egemtv.com\/index.php?rest_route=\/wp\/v2\/posts\/74554\/revisions"}],"predecessor-version":[{"id":74556,"href":"https:\/\/www.egemtv.com\/index.php?rest_route=\/wp\/v2\/posts\/74554\/revisions\/74556"}],"wp:featuredmedia":[{"embeddable":true,"href":"https:\/\/www.egemtv.com\/index.php?rest_route=\/wp\/v2\/media\/74555"}],"wp:attachment":[{"href":"https:\/\/www.egemtv.com\/index.php?rest_route=%2Fwp%2Fv2%2Fmedia&parent=74554"}],"wp:term":[{"taxonomy":"category","embeddable":true,"href":"https:\/\/www.egemtv.com\/index.php?rest_route=%2Fwp%2Fv2%2Fcategories&post=74554"},{"taxonomy":"post_tag","embeddable":true,"href":"https:\/\/www.egemtv.com\/index.php?rest_route=%2Fwp%2Fv2%2Ftags&post=74554"}],"curies":[{"name":"wp","href":"https:\/\/api.w.org\/{rel}","templated":true}]}}