{"id":74551,"date":"2025-12-16T14:34:50","date_gmt":"2025-12-16T11:34:50","guid":{"rendered":"https:\/\/www.egemtv.com\/?p=74551"},"modified":"2025-12-16T14:34:51","modified_gmt":"2025-12-16T11:34:51","slug":"tavasta-ulasim-konforu-artiyor","status":"publish","type":"post","link":"https:\/\/www.egemtv.com\/?p=74551","title":{"rendered":"Tavas\u2019ta ula\u015f\u0131m konforu art\u0131yor"},"content":{"rendered":"<p>DEN\u0130ZL\u0130 (\u0130HA) \u2013 Denizli\u2019nin Tavas il\u00e7esinde ula\u015f\u0131m altyap\u0131s\u0131n\u0131 g\u00fc\u00e7lendirmeye y\u00f6nelik yat\u0131r\u0131mlar kapsam\u0131nda Recep Yaz\u0131c\u0131o\u011flu Caddesinde s\u0131cak asfalt serim \u00e7al\u0131\u015fmalar\u0131 ba\u015flad\u0131.<\/p>\n<p>Tavas\u2019ta toplam 930 metre uzunlu\u011fa sahip olan Recep Yaz\u0131c\u0131o\u011flu Caddesi, 8 metre yol geni\u015fli\u011fi ve her iki y\u00f6nde ortalama 2,5 metre geni\u015fli\u011finde modern kald\u0131r\u0131mlar\u0131yla \u00e7a\u011fda\u015f bir g\u00f6r\u00fcn\u00fcme kavu\u015fturuldu. Yol ve yaya g\u00fcvenli\u011fini \u00f6nceleyen proje kapsam\u0131nda cadde boyunca bir gidi\u015f\u2013bir geli\u015f trafik d\u00fczeni olu\u015fturulurken, belirlenen noktalarda ara\u00e7 park alanlar\u0131 da in\u015fa edildi. Yakla\u015f\u0131k 8 bin 900 metrekare asfalt alan\u0131n\u0131 kapsayan \u00e7al\u0131\u015fmalarda, altyap\u0131n\u0131n g\u00fc\u00e7lendirilmesi amac\u0131yla 6 bin ton PMT kullan\u0131ld\u0131.<\/p>\n<p>\u00dcstyap\u0131 \u00e7al\u0131\u015fmalar\u0131 kapsam\u0131nda ise 2 bin ton s\u0131cak asfalt serimi yap\u0131lacak. \u00c7al\u0131\u015fmalar\u0131n tamamlanmas\u0131yla birlikte Recep Yaz\u0131c\u0131o\u011flu Caddesi, hem s\u00fcr\u00fcc\u00fcler, hem de yayalar i\u00e7in daha konforlu, g\u00fcvenli ve estetik bir ula\u015f\u0131m hatt\u0131 haline getiriliyor.<br \/><\/p>\n","protected":false},"excerpt":{"rendered":"<p>DEN\u0130ZL\u0130 (\u0130HA) \u2013 Denizli\u2019nin Tavas il\u00e7esinde ula\u015f\u0131m altyap\u0131s\u0131n\u0131 g\u00fc\u00e7lendirmeye y\u00f6nelik yat\u0131r\u0131mlar kapsam\u0131nda Recep Yaz\u0131c\u0131o\u011flu Caddesinde s\u0131cak asfalt serim \u00e7al\u0131\u015fmalar\u0131 ba\u015flad\u0131. Tavas\u2019ta toplam 930 metre uzunlu\u011fa sahip olan Recep Yaz\u0131c\u0131o\u011flu Caddesi, 8 metre yol geni\u015fli\u011fi ve her iki y\u00f6nde ortalama 2,5 metre geni\u015fli\u011finde modern kald\u0131r\u0131mlar\u0131yla \u00e7a\u011fda\u015f bir g\u00f6r\u00fcn\u00fcme kavu\u015fturuldu. Yol ve yaya g\u00fcvenli\u011fini \u00f6nceleyen proje kapsam\u0131nda&#8230;<\/p>\n","protected":false},"author":1,"featured_media":74552,"comment_status":"open","ping_status":"open","sticky":false,"template":"","format":"standard","meta":{"_crdt_document":"","footnotes":""},"categories":[1],"tags":[],"class_list":["post-74551","post","type-post","status-publish","format-standard","has-post-thumbnail","hentry","category-guncel"],"_links":{"self":[{"href":"https:\/\/www.egemtv.com\/index.php?rest_route=\/wp\/v2\/posts\/74551","targetHints":{"allow":["GET"]}}],"collection":[{"href":"https:\/\/www.egemtv.com\/index.php?rest_route=\/wp\/v2\/posts"}],"about":[{"href":"https:\/\/www.egemtv.com\/index.php?rest_route=\/wp\/v2\/types\/post"}],"author":[{"embeddable":true,"href":"https:\/\/www.egemtv.com\/index.php?rest_route=\/wp\/v2\/users\/1"}],"replies":[{"embeddable":true,"href":"https:\/\/www.egemtv.com\/index.php?rest_route=%2Fwp%2Fv2%2Fcomments&post=74551"}],"version-history":[{"count":1,"href":"https:\/\/www.egemtv.com\/index.php?rest_route=\/wp\/v2\/posts\/74551\/revisions"}],"predecessor-version":[{"id":74553,"href":"https:\/\/www.egemtv.com\/index.php?rest_route=\/wp\/v2\/posts\/74551\/revisions\/74553"}],"wp:featuredmedia":[{"embeddable":true,"href":"https:\/\/www.egemtv.com\/index.php?rest_route=\/wp\/v2\/media\/74552"}],"wp:attachment":[{"href":"https:\/\/www.egemtv.com\/index.php?rest_route=%2Fwp%2Fv2%2Fmedia&parent=74551"}],"wp:term":[{"taxonomy":"category","embeddable":true,"href":"https:\/\/www.egemtv.com\/index.php?rest_route=%2Fwp%2Fv2%2Fcategories&post=74551"},{"taxonomy":"post_tag","embeddable":true,"href":"https:\/\/www.egemtv.com\/index.php?rest_route=%2Fwp%2Fv2%2Ftags&post=74551"}],"curies":[{"name":"wp","href":"https:\/\/api.w.org\/{rel}","templated":true}]}}