{"id":74548,"date":"2025-12-16T14:34:49","date_gmt":"2025-12-16T11:34:49","guid":{"rendered":"https:\/\/www.egemtv.com\/?p=74548"},"modified":"2025-12-16T14:34:50","modified_gmt":"2025-12-16T11:34:50","slug":"buyuksehir-ekiplerinden-didimde-kapsamli-cevre-temizligi","status":"publish","type":"post","link":"https:\/\/www.egemtv.com\/?p=74548","title":{"rendered":"B\u00fcy\u00fck\u015fehir ekiplerinden Didim\u2019de kapsaml\u0131 \u00e7evre temizli\u011fi"},"content":{"rendered":"<p>Ayd\u0131n B\u00fcy\u00fck\u015fehir Belediyesi, kentin d\u00f6rt bir yan\u0131nda ger\u00e7ekle\u015ftirdi\u011fi \u00e7al\u0131\u015fmalar\u0131na devam ediyor.<br \/>\n<br \/>Ayd\u0131n B\u00fcy\u00fck\u015fehir Belediyesi Park ve Bah\u00e7eler Dairesi Ba\u015fkanl\u0131\u011f\u0131 ile \u00c7evre Koruma ve Kontrol Dairesi Ba\u015fkanl\u0131\u011f\u0131 ekipleri, Didim il\u00e7esinde kapsaml\u0131 \u00e7al\u0131\u015fma ger\u00e7ekle\u015ftirdi. D\u00fczenli olarak ger\u00e7ekle\u015ftirilen \u00e7al\u0131\u015fmalardan memnuniyet duyduklar\u0131n\u0131 belirten vatanda\u015flar, Ayd\u0131n B\u00fcy\u00fck\u015fehir Belediye Ba\u015fkan\u0131 \u00d6zlem \u00c7er\u00e7io\u011flu\u2019na te\u015fekk\u00fcr etti. Park ve Bah\u00e7eler Dairesi Ba\u015fkanl\u0131\u011f\u0131 ekipleri, il\u00e7enin ana arterlerinde peyzaj ve \u00e7evre d\u00fczenleme \u00e7al\u0131\u015fmalar\u0131na devam ediyor. S\u00fcrd\u00fcr\u00fclen \u00e7al\u0131\u015fmalar kapsam\u0131nda; s\u00fcr\u00fcc\u00fclerin ve yayalar\u0131n g\u00fcvenli\u011fi i\u00e7in a\u011fa\u00e7 budamalar\u0131, trim\u00f6r, bak\u0131m ve temizlik faaliyetleri ger\u00e7ekle\u015ftiriliyor. Didim, B\u00fcy\u00fck\u015fehir Belediyesi\u2019nin fidanl\u0131klar\u0131nda yeti\u015ftirilen mevsimlik \u00e7i\u00e7ekler ile s\u00fcsleniyor.<br \/>\n<br \/>\u00c7evre Koruma ve Kontrol Dairesi Ba\u015fkanl\u0131\u011f\u0131 ekipleri, Didim\u2019in cadde ve bulvarlar\u0131 ile otob\u00fcs duraklar\u0131nda \u00e7evre bak\u0131m \u00e7al\u0131\u015fmalar\u0131na devam ediyor. Ekiplerin mesai mefhumu g\u00f6zetmeksizin s\u00fcrd\u00fcrd\u00fc\u011f\u00fc \u00e7al\u0131\u015fmalar ile Didim, p\u0131r\u0131l p\u0131r\u0131l oluyor. Ayd\u0131n\u2019\u0131n t\u00fcm il\u00e7elerinde hayata ge\u00e7irilen \u00e7al\u0131\u015fmalar\u0131n devam edece\u011fini belirten Ayd\u0131n B\u00fcy\u00fck\u015fehir Belediye Ba\u015fkan\u0131 \u00d6zlem \u00c7er\u00e7io\u011flu, &#8220;Hizmetlerimizi kentimizin d\u00f6rt bir yan\u0131nda vatanda\u015flar\u0131m\u0131z ile bulu\u015fturmay\u0131 s\u00fcrd\u00fcr\u00fcyoruz. Vatanda\u015flar\u0131m\u0131z\u0131n mutlulu\u011fu ve refah\u0131, bizim en b\u00fcy\u00fck motivasyon kayna\u011f\u0131m\u0131z. \u00c7al\u0131\u015fmalar\u0131m\u0131za devam edece\u011fiz&#8221; ifadelerini kulland\u0131.<br \/><\/p>\n","protected":false},"excerpt":{"rendered":"<p>Ayd\u0131n B\u00fcy\u00fck\u015fehir Belediyesi, kentin d\u00f6rt bir yan\u0131nda ger\u00e7ekle\u015ftirdi\u011fi \u00e7al\u0131\u015fmalar\u0131na devam ediyor. Ayd\u0131n B\u00fcy\u00fck\u015fehir Belediyesi Park ve Bah\u00e7eler Dairesi Ba\u015fkanl\u0131\u011f\u0131 ile \u00c7evre Koruma ve Kontrol Dairesi Ba\u015fkanl\u0131\u011f\u0131 ekipleri, Didim il\u00e7esinde kapsaml\u0131 \u00e7al\u0131\u015fma ger\u00e7ekle\u015ftirdi. D\u00fczenli olarak ger\u00e7ekle\u015ftirilen \u00e7al\u0131\u015fmalardan memnuniyet duyduklar\u0131n\u0131 belirten vatanda\u015flar, Ayd\u0131n B\u00fcy\u00fck\u015fehir Belediye Ba\u015fkan\u0131 \u00d6zlem \u00c7er\u00e7io\u011flu\u2019na te\u015fekk\u00fcr etti. Park ve Bah\u00e7eler Dairesi Ba\u015fkanl\u0131\u011f\u0131 ekipleri, il\u00e7enin&#8230;<\/p>\n","protected":false},"author":1,"featured_media":74549,"comment_status":"open","ping_status":"open","sticky":false,"template":"","format":"standard","meta":{"_crdt_document":"","footnotes":""},"categories":[1],"tags":[],"class_list":["post-74548","post","type-post","status-publish","format-standard","has-post-thumbnail","hentry","category-guncel"],"_links":{"self":[{"href":"https:\/\/www.egemtv.com\/index.php?rest_route=\/wp\/v2\/posts\/74548","targetHints":{"allow":["GET"]}}],"collection":[{"href":"https:\/\/www.egemtv.com\/index.php?rest_route=\/wp\/v2\/posts"}],"about":[{"href":"https:\/\/www.egemtv.com\/index.php?rest_route=\/wp\/v2\/types\/post"}],"author":[{"embeddable":true,"href":"https:\/\/www.egemtv.com\/index.php?rest_route=\/wp\/v2\/users\/1"}],"replies":[{"embeddable":true,"href":"https:\/\/www.egemtv.com\/index.php?rest_route=%2Fwp%2Fv2%2Fcomments&post=74548"}],"version-history":[{"count":1,"href":"https:\/\/www.egemtv.com\/index.php?rest_route=\/wp\/v2\/posts\/74548\/revisions"}],"predecessor-version":[{"id":74550,"href":"https:\/\/www.egemtv.com\/index.php?rest_route=\/wp\/v2\/posts\/74548\/revisions\/74550"}],"wp:featuredmedia":[{"embeddable":true,"href":"https:\/\/www.egemtv.com\/index.php?rest_route=\/wp\/v2\/media\/74549"}],"wp:attachment":[{"href":"https:\/\/www.egemtv.com\/index.php?rest_route=%2Fwp%2Fv2%2Fmedia&parent=74548"}],"wp:term":[{"taxonomy":"category","embeddable":true,"href":"https:\/\/www.egemtv.com\/index.php?rest_route=%2Fwp%2Fv2%2Fcategories&post=74548"},{"taxonomy":"post_tag","embeddable":true,"href":"https:\/\/www.egemtv.com\/index.php?rest_route=%2Fwp%2Fv2%2Ftags&post=74548"}],"curies":[{"name":"wp","href":"https:\/\/api.w.org\/{rel}","templated":true}]}}