{"id":74539,"date":"2025-12-16T13:54:42","date_gmt":"2025-12-16T10:54:42","guid":{"rendered":"https:\/\/www.egemtv.com\/?p=74539"},"modified":"2025-12-16T13:54:43","modified_gmt":"2025-12-16T10:54:43","slug":"burdurda-haksiz-fiyat-artisina-3-milyon-222-bin-lira-ceza","status":"publish","type":"post","link":"https:\/\/www.egemtv.com\/?p=74539","title":{"rendered":"Burdur\u2019da haks\u0131z fiyat art\u0131\u015f\u0131na 3 milyon 222 bin lira ceza"},"content":{"rendered":"<p>Burdur\u2019da haks\u0131z fiyat art\u0131\u015f\u0131na y\u00f6nelik yap\u0131lan \u00e7al\u0131\u015fmalarda 3 milyon 222 bin 988 TL idari ceza uyguland\u0131.<br \/>\n<br \/>Burdur Ticaret \u0130l M\u00fcd\u00fcrl\u00fc\u011f\u00fc ekipleri vatanda\u015flar\u0131n ma\u011fduriyetini \u00f6nlemek, piyasalardaki adil rekabet ortam\u0131n\u0131 korumak, fahi\u015f fiyat art\u0131\u015flar\u0131 ve stok\u00e7uluk faaliyetlerinin \u00f6n\u00fcne ge\u00e7mek amac\u0131yla denetimlerini kararl\u0131l\u0131kla s\u00fcrd\u00fcr\u00fcyor. Bu \u00e7er\u00e7evede, 8-12 Aral\u0131k tarihlerinde ba\u015fta zincir marketler olmak \u00fczere lokanta, kafe, pastane, f\u0131r\u0131n, kasap, \u015fark\u00fcteri, giyim sekt\u00f6r\u00fc vb. i\u015f yerlerinde etiket ve fiyat denetimi ger\u00e7ekle\u015ftirildi. Toplam 70 i\u015f yerinde 577 \u00fcr\u00fcnde fiyat etiketi kontrol\u00fc yap\u0131l\u0131rken 3 milyon 222 bin 988 TL idari ceza uyguland\u0131.<br \/><\/p>\n","protected":false},"excerpt":{"rendered":"<p>Burdur\u2019da haks\u0131z fiyat art\u0131\u015f\u0131na y\u00f6nelik yap\u0131lan \u00e7al\u0131\u015fmalarda 3 milyon 222 bin 988 TL idari ceza uyguland\u0131. Burdur Ticaret \u0130l M\u00fcd\u00fcrl\u00fc\u011f\u00fc ekipleri vatanda\u015flar\u0131n ma\u011fduriyetini \u00f6nlemek, piyasalardaki adil rekabet ortam\u0131n\u0131 korumak, fahi\u015f fiyat art\u0131\u015flar\u0131 ve stok\u00e7uluk faaliyetlerinin \u00f6n\u00fcne ge\u00e7mek amac\u0131yla denetimlerini kararl\u0131l\u0131kla s\u00fcrd\u00fcr\u00fcyor. Bu \u00e7er\u00e7evede, 8-12 Aral\u0131k tarihlerinde ba\u015fta zincir marketler olmak \u00fczere lokanta, kafe, pastane, f\u0131r\u0131n,&#8230;<\/p>\n","protected":false},"author":1,"featured_media":74540,"comment_status":"open","ping_status":"open","sticky":false,"template":"","format":"standard","meta":{"_crdt_document":"","footnotes":""},"categories":[5],"tags":[],"class_list":["post-74539","post","type-post","status-publish","format-standard","has-post-thumbnail","hentry","category-asayis"],"_links":{"self":[{"href":"https:\/\/www.egemtv.com\/index.php?rest_route=\/wp\/v2\/posts\/74539","targetHints":{"allow":["GET"]}}],"collection":[{"href":"https:\/\/www.egemtv.com\/index.php?rest_route=\/wp\/v2\/posts"}],"about":[{"href":"https:\/\/www.egemtv.com\/index.php?rest_route=\/wp\/v2\/types\/post"}],"author":[{"embeddable":true,"href":"https:\/\/www.egemtv.com\/index.php?rest_route=\/wp\/v2\/users\/1"}],"replies":[{"embeddable":true,"href":"https:\/\/www.egemtv.com\/index.php?rest_route=%2Fwp%2Fv2%2Fcomments&post=74539"}],"version-history":[{"count":1,"href":"https:\/\/www.egemtv.com\/index.php?rest_route=\/wp\/v2\/posts\/74539\/revisions"}],"predecessor-version":[{"id":74541,"href":"https:\/\/www.egemtv.com\/index.php?rest_route=\/wp\/v2\/posts\/74539\/revisions\/74541"}],"wp:featuredmedia":[{"embeddable":true,"href":"https:\/\/www.egemtv.com\/index.php?rest_route=\/wp\/v2\/media\/74540"}],"wp:attachment":[{"href":"https:\/\/www.egemtv.com\/index.php?rest_route=%2Fwp%2Fv2%2Fmedia&parent=74539"}],"wp:term":[{"taxonomy":"category","embeddable":true,"href":"https:\/\/www.egemtv.com\/index.php?rest_route=%2Fwp%2Fv2%2Fcategories&post=74539"},{"taxonomy":"post_tag","embeddable":true,"href":"https:\/\/www.egemtv.com\/index.php?rest_route=%2Fwp%2Fv2%2Ftags&post=74539"}],"curies":[{"name":"wp","href":"https:\/\/api.w.org\/{rel}","templated":true}]}}