{"id":74533,"date":"2025-12-16T13:34:58","date_gmt":"2025-12-16T10:34:58","guid":{"rendered":"https:\/\/www.egemtv.com\/?p=74533"},"modified":"2025-12-16T13:34:59","modified_gmt":"2025-12-16T10:34:59","slug":"genel-baskan-ozel-durbay-ailesiyle-beraber-taziyeleri-kabul-etti","status":"publish","type":"post","link":"https:\/\/www.egemtv.com\/?p=74533","title":{"rendered":"Genel Ba\u015fkan \u00d6zel, Durbay ailesiyle beraber taziyeleri kabul etti"},"content":{"rendered":"<p>CHP Genel Ba\u015fkan\u0131 \u00d6zg\u00fcr \u00d6zel, memleketi Manisa\u2019da hayat\u0131n\u0131 kaybeden \u015eehzadeler Belediye Ba\u015fkan\u0131 G\u00fcl\u015fah Durbay\u2019\u0131n ailesiyle beraber taziyeleri kabul etti.<br \/>\n<br \/>Bir s\u00fcredir kolon kanseri tedavisi g\u00f6ren Manisa\u2019n\u0131n \u015eehzadeler Belediye Ba\u015fkan\u0131 G\u00fcl\u015fah Durbay, 14 Aral\u0131k Pazar g\u00fcn\u00fc Manisa \u015eehir Hastanesinde hayat\u0131n\u0131 kaybetti. G\u00f6rev yapt\u0131\u011f\u0131 s\u00fcre boyunca Manisal\u0131lar taraf\u0131ndan sevgiyle kar\u015f\u0131lanan Ba\u015fkan Durbay\u2019\u0131n \u00f6l\u00fcm\u00fc b\u00fct\u00fcn kenti yasa bo\u011fdu. D\u00fcn ger\u00e7ekle\u015ftirilen cenaze t\u00f6reninde on binlerce ki\u015fi taraf\u0131ndan u\u011furlanan Ba\u015fkan Durbay, memleketi Manisa\u2019n\u0131n Saruhanl\u0131 il\u00e7esine ba\u011fl\u0131 Koldere Mahallesi\u2019nde topra\u011fa verildi.<br \/>\n<br \/>Haberi al\u0131r almaz memleketi Manisa\u2019ya gelen CHP Genel Ba\u015fkan\u0131 \u00d6zg\u00fcr \u00d6zel, hem Durbay ailesini hem de partilileri bir an olsun yaln\u0131z b\u0131rakmad\u0131.<br \/>\n<br \/>Cenaze sonras\u0131 Manisa\u2019dan ayr\u0131lmayan Genel Ba\u015fkan \u00d6zel, bug\u00fcn de Ba\u015fkan Durbay\u2019\u0131n babas\u0131 Osman, annesi Fatma ile birlikte Manisa B\u00fcy\u00fck\u015fehir Belediye Ba\u015fkan\u0131 Besim Dutlulu, CHP Manisa Milletvekilleri Ahmet Vehbi Bak\u0131rl\u0131o\u011flu, Bekir Ba\u015fevirgen, CHP Manisa \u0130l Ba\u015fkan\u0131 \u0130lksen \u00d6zalper ve partinin \u00f6nde gelen y\u00f6neticileriyle beraber taziyeleri kabul etti. Manisa Fatih Sergi Salonunda ger\u00e7ekle\u015ftirilen taziye t\u00f6reninde Genel Ba\u015fkan \u00d6zel\u2019in ya\u015fad\u0131\u011f\u0131 \u00fcz\u00fcnt\u00fc dikkat \u00e7ekti.<br \/><\/p>\n","protected":false},"excerpt":{"rendered":"<p>CHP Genel Ba\u015fkan\u0131 \u00d6zg\u00fcr \u00d6zel, memleketi Manisa\u2019da hayat\u0131n\u0131 kaybeden \u015eehzadeler Belediye Ba\u015fkan\u0131 G\u00fcl\u015fah Durbay\u2019\u0131n ailesiyle beraber taziyeleri kabul etti. Bir s\u00fcredir kolon kanseri tedavisi g\u00f6ren Manisa\u2019n\u0131n \u015eehzadeler Belediye Ba\u015fkan\u0131 G\u00fcl\u015fah Durbay, 14 Aral\u0131k Pazar g\u00fcn\u00fc Manisa \u015eehir Hastanesinde hayat\u0131n\u0131 kaybetti. G\u00f6rev yapt\u0131\u011f\u0131 s\u00fcre boyunca Manisal\u0131lar taraf\u0131ndan sevgiyle kar\u015f\u0131lanan Ba\u015fkan Durbay\u2019\u0131n \u00f6l\u00fcm\u00fc b\u00fct\u00fcn kenti yasa bo\u011fdu&#8230;.<\/p>\n","protected":false},"author":1,"featured_media":74534,"comment_status":"open","ping_status":"open","sticky":false,"template":"","format":"standard","meta":{"_crdt_document":"","footnotes":""},"categories":[1],"tags":[],"class_list":["post-74533","post","type-post","status-publish","format-standard","has-post-thumbnail","hentry","category-guncel"],"_links":{"self":[{"href":"https:\/\/www.egemtv.com\/index.php?rest_route=\/wp\/v2\/posts\/74533","targetHints":{"allow":["GET"]}}],"collection":[{"href":"https:\/\/www.egemtv.com\/index.php?rest_route=\/wp\/v2\/posts"}],"about":[{"href":"https:\/\/www.egemtv.com\/index.php?rest_route=\/wp\/v2\/types\/post"}],"author":[{"embeddable":true,"href":"https:\/\/www.egemtv.com\/index.php?rest_route=\/wp\/v2\/users\/1"}],"replies":[{"embeddable":true,"href":"https:\/\/www.egemtv.com\/index.php?rest_route=%2Fwp%2Fv2%2Fcomments&post=74533"}],"version-history":[{"count":1,"href":"https:\/\/www.egemtv.com\/index.php?rest_route=\/wp\/v2\/posts\/74533\/revisions"}],"predecessor-version":[{"id":74535,"href":"https:\/\/www.egemtv.com\/index.php?rest_route=\/wp\/v2\/posts\/74533\/revisions\/74535"}],"wp:featuredmedia":[{"embeddable":true,"href":"https:\/\/www.egemtv.com\/index.php?rest_route=\/wp\/v2\/media\/74534"}],"wp:attachment":[{"href":"https:\/\/www.egemtv.com\/index.php?rest_route=%2Fwp%2Fv2%2Fmedia&parent=74533"}],"wp:term":[{"taxonomy":"category","embeddable":true,"href":"https:\/\/www.egemtv.com\/index.php?rest_route=%2Fwp%2Fv2%2Fcategories&post=74533"},{"taxonomy":"post_tag","embeddable":true,"href":"https:\/\/www.egemtv.com\/index.php?rest_route=%2Fwp%2Fv2%2Ftags&post=74533"}],"curies":[{"name":"wp","href":"https:\/\/api.w.org\/{rel}","templated":true}]}}