{"id":74530,"date":"2025-12-16T13:14:44","date_gmt":"2025-12-16T10:14:44","guid":{"rendered":"https:\/\/www.egemtv.com\/?p=74530"},"modified":"2025-12-16T13:14:44","modified_gmt":"2025-12-16T10:14:44","slug":"salavatli-ilkokulunda-ogrencilere-gida-bilinci-egitimi","status":"publish","type":"post","link":"https:\/\/www.egemtv.com\/?p=74530","title":{"rendered":"Salavatl\u0131 \u0130lkokulu\u2019nda \u00f6\u011frencilere g\u0131da bilinci e\u011fitimi"},"content":{"rendered":"<p>Salavatl\u0131 \u0130lkokulu\u2019nda Sultanhisar \u0130l\u00e7e Tar\u0131m ve Orman M\u00fcd\u00fcrl\u00fc\u011f\u00fc personeli taraf\u0131ndan \u00f6\u011frencilere y\u00f6nelik g\u0131da g\u00fcvenli\u011fi ve bilin\u00e7li t\u00fcketim konular\u0131nda e\u011fitim program\u0131 d\u00fczenlendi.<\/p>\n<p>G\u0131da g\u00fcvenli\u011fi ve bilin\u00e7li t\u00fcketim \u00e7al\u0131\u015fmalar\u0131 kapsam\u0131nda Ayd\u0131n\u2019\u0131n Sultanhisar il\u00e7esindeki Salavatl\u0131 \u0130lkokulu \u00f6\u011frencilerine y\u00f6nelik erken ya\u015fta bilin\u00e7li t\u00fcketici al\u0131\u015fkanl\u0131\u011f\u0131 kazand\u0131rma ve bilin\u00e7li t\u00fcketim amac\u0131yla e\u011fitim program\u0131 d\u00fczenlendi. E\u011fitim kapsam\u0131nda \u00f6\u011frencilere g\u0131da g\u00fcvenli\u011finin \u00f6nemi, g\u0131da kay\u0131p ve israf\u0131n\u0131n azalt\u0131lmas\u0131 ile g\u0131da okuryazarl\u0131\u011f\u0131 ve etiket okuma konular\u0131nda bilgilendirme yap\u0131ld\u0131. E\u011fitimlerde, g\u00fcnl\u00fck hayatta t\u00fcketilen g\u0131dalar\u0131n g\u00fcvenilirli\u011fi, do\u011fru \u00fcr\u00fcn se\u00e7imi ve israf\u0131n \u00f6nlenmesine y\u00f6nelik temel bilgiler \u00f6\u011frencilerin anlayabilece\u011fi bir dille aktar\u0131ld\u0131. E\u011fitim program\u0131n\u0131n sonunda okul y\u00f6netimi ve \u00f6\u011fretmenler, katk\u0131lar\u0131ndan dolay\u0131 Sultanhisar \u0130l\u00e7e Tar\u0131m ve Orman M\u00fcd\u00fcrl\u00fc\u011f\u00fc personeline te\u015fekk\u00fcr etti. Yetkililer, benzer bilgilendirme \u00e7al\u0131\u015fmalar\u0131n\u0131n ilerleyen s\u00fcre\u00e7te farkl\u0131 okullarda da devam edece\u011fini ifade etti.<br \/><\/p>\n","protected":false},"excerpt":{"rendered":"<p>Salavatl\u0131 \u0130lkokulu\u2019nda Sultanhisar \u0130l\u00e7e Tar\u0131m ve Orman M\u00fcd\u00fcrl\u00fc\u011f\u00fc personeli taraf\u0131ndan \u00f6\u011frencilere y\u00f6nelik g\u0131da g\u00fcvenli\u011fi ve bilin\u00e7li t\u00fcketim konular\u0131nda e\u011fitim program\u0131 d\u00fczenlendi. G\u0131da g\u00fcvenli\u011fi ve bilin\u00e7li t\u00fcketim \u00e7al\u0131\u015fmalar\u0131 kapsam\u0131nda Ayd\u0131n\u2019\u0131n Sultanhisar il\u00e7esindeki Salavatl\u0131 \u0130lkokulu \u00f6\u011frencilerine y\u00f6nelik erken ya\u015fta bilin\u00e7li t\u00fcketici al\u0131\u015fkanl\u0131\u011f\u0131 kazand\u0131rma ve bilin\u00e7li t\u00fcketim amac\u0131yla e\u011fitim program\u0131 d\u00fczenlendi. E\u011fitim kapsam\u0131nda \u00f6\u011frencilere g\u0131da g\u00fcvenli\u011finin \u00f6nemi, g\u0131da&#8230;<\/p>\n","protected":false},"author":1,"featured_media":74531,"comment_status":"open","ping_status":"open","sticky":false,"template":"","format":"standard","meta":{"_crdt_document":"","footnotes":""},"categories":[1],"tags":[],"class_list":["post-74530","post","type-post","status-publish","format-standard","has-post-thumbnail","hentry","category-guncel"],"_links":{"self":[{"href":"https:\/\/www.egemtv.com\/index.php?rest_route=\/wp\/v2\/posts\/74530","targetHints":{"allow":["GET"]}}],"collection":[{"href":"https:\/\/www.egemtv.com\/index.php?rest_route=\/wp\/v2\/posts"}],"about":[{"href":"https:\/\/www.egemtv.com\/index.php?rest_route=\/wp\/v2\/types\/post"}],"author":[{"embeddable":true,"href":"https:\/\/www.egemtv.com\/index.php?rest_route=\/wp\/v2\/users\/1"}],"replies":[{"embeddable":true,"href":"https:\/\/www.egemtv.com\/index.php?rest_route=%2Fwp%2Fv2%2Fcomments&post=74530"}],"version-history":[{"count":1,"href":"https:\/\/www.egemtv.com\/index.php?rest_route=\/wp\/v2\/posts\/74530\/revisions"}],"predecessor-version":[{"id":74532,"href":"https:\/\/www.egemtv.com\/index.php?rest_route=\/wp\/v2\/posts\/74530\/revisions\/74532"}],"wp:featuredmedia":[{"embeddable":true,"href":"https:\/\/www.egemtv.com\/index.php?rest_route=\/wp\/v2\/media\/74531"}],"wp:attachment":[{"href":"https:\/\/www.egemtv.com\/index.php?rest_route=%2Fwp%2Fv2%2Fmedia&parent=74530"}],"wp:term":[{"taxonomy":"category","embeddable":true,"href":"https:\/\/www.egemtv.com\/index.php?rest_route=%2Fwp%2Fv2%2Fcategories&post=74530"},{"taxonomy":"post_tag","embeddable":true,"href":"https:\/\/www.egemtv.com\/index.php?rest_route=%2Fwp%2Fv2%2Ftags&post=74530"}],"curies":[{"name":"wp","href":"https:\/\/api.w.org\/{rel}","templated":true}]}}