{"id":7453,"date":"2025-01-13T10:39:41","date_gmt":"2025-01-13T07:39:41","guid":{"rendered":"https:\/\/www.egemtv.com\/?p=7453"},"modified":"2025-01-13T10:39:46","modified_gmt":"2025-01-13T07:39:46","slug":"tavsanlida-otomobilin-carptigi-yasli-adam-hayatini-kaybetti","status":"publish","type":"post","link":"https:\/\/www.egemtv.com\/?p=7453","title":{"rendered":"Tav\u015fanl\u0131\u2019da otomobilin \u00e7arpt\u0131\u011f\u0131 ya\u015fl\u0131 adam hayat\u0131n\u0131 kaybetti"},"content":{"rendered":"<p>K\u00fctahya\u2019n\u0131n Tav\u015fanl\u0131 il\u00e7esinde meydana gelen trafik kazas\u0131nda a\u011f\u0131r yaralanan 79 ya\u015f\u0131ndaki Halil \u0130brahim Kayg\u0131s\u0131z, kald\u0131r\u0131ld\u0131\u011f\u0131 hastanede ya\u015fam\u0131n\u0131 yitirdi.<br \/>\n<br \/>Kaza, \u00c7evreyolu tren gar\u0131 kar\u015f\u0131s\u0131ndaki Sabah\u00e7\u0131 Kahvesi \u00f6n\u00fcnde ger\u00e7ekle\u015fti. Bal\u0131kesir y\u00f6n\u00fcne seyir halinde olan H.K., y\u00f6netimindeki 10 VN 151 plakal\u0131 otomobil, yaya olarak yolun kar\u015f\u0131s\u0131na ge\u00e7meye \u00e7al\u0131\u015fan Halil \u0130brahim Kayg\u0131s\u0131z\u2019a \u00e7arpt\u0131. \u00c7arpman\u0131n etkisiyle yola savrulan Kayg\u0131s\u0131z, olay yerine sevk edilen 112 Acil Servis ekipleri taraf\u0131ndan ilk m\u00fcdahalenin ard\u0131ndan Tav\u015fanl\u0131 Do\u00e7. Dr. Mustafa Kalemli Devlet Hastanesi\u2019ne kald\u0131r\u0131ld\u0131. Ancak a\u011f\u0131r yaral\u0131 olarak hastaneye getirilen Kayg\u0131s\u0131z, t\u00fcm m\u00fcdahalelere ra\u011fmen kurtar\u0131lamad\u0131.<br \/>\n<br \/>Kazayla ilgili inceleme ba\u015flat\u0131ld\u0131\u011f\u0131 \u00f6\u011frenildi.<br \/>\n<br \/><img fetchpriority=\"high\" decoding=\"async\" width=\"1080\" height=\"638\" src=\"https:\/\/www.egemtv.com\/wp-content\/uploads\/2025\/01\/tavsanlida-otomobilin-carptigi-yasli-adam-hayatini-kaybetti_101d4bd9037e.jpg\" class=\"attachment-full size-full not-transparent\" alt=\"\" data-has-transparency=\"false\" data-dominant-color=\"382d2b\" style=\"--dominant-color: #382d2b\" \/><img decoding=\"async\" width=\"1030\" height=\"662\" src=\"https:\/\/www.egemtv.com\/wp-content\/uploads\/2025\/01\/tavsanlida-otomobilin-carptigi-yasli-adam-hayatini-kaybetti_494349c355c9.jpg\" class=\"attachment-full size-full not-transparent\" alt=\"\" data-has-transparency=\"false\" data-dominant-color=\"745a54\" style=\"--dominant-color: #745a54\" \/><\/p>\n","protected":false},"excerpt":{"rendered":"<p>K\u00fctahya\u2019n\u0131n Tav\u015fanl\u0131 il\u00e7esinde meydana gelen trafik kazas\u0131nda a\u011f\u0131r yaralanan 79 ya\u015f\u0131ndaki Halil \u0130brahim Kayg\u0131s\u0131z, kald\u0131r\u0131ld\u0131\u011f\u0131 hastanede ya\u015fam\u0131n\u0131 yitirdi. Kaza, \u00c7evreyolu tren gar\u0131 kar\u015f\u0131s\u0131ndaki Sabah\u00e7\u0131 Kahvesi \u00f6n\u00fcnde ger\u00e7ekle\u015fti. Bal\u0131kesir y\u00f6n\u00fcne seyir halinde olan H.K., y\u00f6netimindeki 10 VN 151 plakal\u0131 otomobil, yaya olarak yolun kar\u015f\u0131s\u0131na ge\u00e7meye \u00e7al\u0131\u015fan Halil \u0130brahim Kayg\u0131s\u0131z\u2019a \u00e7arpt\u0131. \u00c7arpman\u0131n etkisiyle yola savrulan Kayg\u0131s\u0131z, olay&#8230;<\/p>\n","protected":false},"author":1,"featured_media":7454,"comment_status":"open","ping_status":"open","sticky":false,"template":"","format":"standard","meta":{"_crdt_document":"","footnotes":""},"categories":[5],"tags":[],"class_list":["post-7453","post","type-post","status-publish","format-standard","has-post-thumbnail","hentry","category-asayis"],"_links":{"self":[{"href":"https:\/\/www.egemtv.com\/index.php?rest_route=\/wp\/v2\/posts\/7453","targetHints":{"allow":["GET"]}}],"collection":[{"href":"https:\/\/www.egemtv.com\/index.php?rest_route=\/wp\/v2\/posts"}],"about":[{"href":"https:\/\/www.egemtv.com\/index.php?rest_route=\/wp\/v2\/types\/post"}],"author":[{"embeddable":true,"href":"https:\/\/www.egemtv.com\/index.php?rest_route=\/wp\/v2\/users\/1"}],"replies":[{"embeddable":true,"href":"https:\/\/www.egemtv.com\/index.php?rest_route=%2Fwp%2Fv2%2Fcomments&post=7453"}],"version-history":[{"count":1,"href":"https:\/\/www.egemtv.com\/index.php?rest_route=\/wp\/v2\/posts\/7453\/revisions"}],"predecessor-version":[{"id":7457,"href":"https:\/\/www.egemtv.com\/index.php?rest_route=\/wp\/v2\/posts\/7453\/revisions\/7457"}],"wp:featuredmedia":[{"embeddable":true,"href":"https:\/\/www.egemtv.com\/index.php?rest_route=\/wp\/v2\/media\/7454"}],"wp:attachment":[{"href":"https:\/\/www.egemtv.com\/index.php?rest_route=%2Fwp%2Fv2%2Fmedia&parent=7453"}],"wp:term":[{"taxonomy":"category","embeddable":true,"href":"https:\/\/www.egemtv.com\/index.php?rest_route=%2Fwp%2Fv2%2Fcategories&post=7453"},{"taxonomy":"post_tag","embeddable":true,"href":"https:\/\/www.egemtv.com\/index.php?rest_route=%2Fwp%2Fv2%2Ftags&post=7453"}],"curies":[{"name":"wp","href":"https:\/\/api.w.org\/{rel}","templated":true}]}}