{"id":74527,"date":"2025-12-16T12:54:55","date_gmt":"2025-12-16T09:54:55","guid":{"rendered":"https:\/\/www.egemtv.com\/?p=74527"},"modified":"2025-12-16T12:54:55","modified_gmt":"2025-12-16T09:54:55","slug":"genc-kalemler-usta-yazarla-bulustu","status":"publish","type":"post","link":"https:\/\/www.egemtv.com\/?p=74527","title":{"rendered":"Gen\u00e7 kalemler usta yazarla bulu\u015ftu"},"content":{"rendered":"<p>Manisa Sosyal Bilimler Lisesi\u2019nde yazar Alper Tunga Kumtepe\u2019nin kat\u0131l\u0131m\u0131yla d\u00fczenlenen s\u00f6yle\u015fide, yazarl\u0131k yolculu\u011fu, okuma k\u00fclt\u00fcr\u00fc ve hayal g\u00fcc\u00fcn\u00fcn g\u00fcc\u00fc konu\u015fuldu; \u00f6\u011frenciler edebiyatla dolu ilham verici bir g\u00fcn ya\u015fad\u0131.<br \/>\n<br \/>Manisa Sosyal Bilimler Lisesi\u2019nde, yazar Alper Tunga Kumtepe\u2019nin kat\u0131l\u0131m\u0131yla edebiyata ilgi duyan \u00f6\u011frencileri bir araya getiren s\u00f6yle\u015fi program\u0131 d\u00fczenlendi. Gen\u00e7 yazar adaylar\u0131na ilham veren etkinlikte, yazarl\u0131k ser\u00fcveni, \u00fcretme s\u00fcreci ve hayal g\u00fcc\u00fcn\u00fcn edebiyattaki yeri ele al\u0131nd\u0131.<br \/>\n<br \/>Okulun konferans salonunda ger\u00e7ekle\u015ftirilen s\u00f6yle\u015fide Kumtepe, yazarl\u0131\u011fa ba\u015flama s\u00fcrecinden bug\u00fcne uzanan deneyimlerini \u00f6\u011frencilerle payla\u015ft\u0131. Okuma al\u0131\u015fkanl\u0131\u011f\u0131n\u0131n yazarl\u0131k yolculu\u011fundaki belirleyici rol\u00fcne dikkat \u00e7eken yazar, disiplinli \u00e7al\u0131\u015fman\u0131n ve merak duygusunu canl\u0131 tutman\u0131n \u00f6nemini vurgulad\u0131. Yazman\u0131n bir yetenek kadar emek ve sab\u0131r gerektirdi\u011fini ifade eden Kumtepe, \u00fcretkenli\u011fin s\u00fcreklilikle m\u00fcmk\u00fcn olaca\u011f\u0131n\u0131 dile getirdi.<\/p>\n<p>&#8220;Yazmaktan vazge\u00e7meyin&#8221;<br \/>\n<br \/>S\u00f6yle\u015fi boyunca \u00f6\u011frencilerden gelen sorular\u0131 i\u00e7tenlikle yan\u0131tlayan Kumtepe, gen\u00e7 kalemleri yazmaktan vazge\u00e7memeleri konusunda cesaretlendirdi. Hayal g\u00fcc\u00fcn\u00fcn s\u0131n\u0131rlar\u0131n\u0131 zorlaman\u0131n, g\u00f6zlem yapman\u0131n ve farkl\u0131 metinlerle beslenmenin yazarl\u0131kta ufuk a\u00e7\u0131c\u0131 oldu\u011funu belirten yazar, her \u00f6\u011frencinin kendi sesini bulmas\u0131n\u0131n de\u011ferli oldu\u011funu s\u00f6yledi.<br \/>\n<br \/>Edebiyata ilgi duyan \u00f6\u011frenciler i\u00e7in motive edici ve ufuk a\u00e7\u0131c\u0131 bir deneyim olan program, yo\u011fun ilgiyle takip edildi. Etkinlik sonunda Manisa Sosyal Bilimler Lisesi idarecileri ve \u00f6\u011fretmenleri, s\u00f6yle\u015finin \u00f6\u011frencilerin edebiyata bak\u0131\u015f\u0131n\u0131 g\u00fc\u00e7lendirdi\u011fini belirterek yazar Kumtepe\u2019ye katk\u0131lar\u0131ndan dolay\u0131 te\u015fekk\u00fcr etti. Program, g\u00fcn\u00fcn an\u0131s\u0131na \u00e7ekilen hat\u0131ra foto\u011fraf\u0131yla sona erdi.<br \/><\/p>\n","protected":false},"excerpt":{"rendered":"<p>Manisa Sosyal Bilimler Lisesi\u2019nde yazar Alper Tunga Kumtepe\u2019nin kat\u0131l\u0131m\u0131yla d\u00fczenlenen s\u00f6yle\u015fide, yazarl\u0131k yolculu\u011fu, okuma k\u00fclt\u00fcr\u00fc ve hayal g\u00fcc\u00fcn\u00fcn g\u00fcc\u00fc konu\u015fuldu; \u00f6\u011frenciler edebiyatla dolu ilham verici bir g\u00fcn ya\u015fad\u0131. Manisa Sosyal Bilimler Lisesi\u2019nde, yazar Alper Tunga Kumtepe\u2019nin kat\u0131l\u0131m\u0131yla edebiyata ilgi duyan \u00f6\u011frencileri bir araya getiren s\u00f6yle\u015fi program\u0131 d\u00fczenlendi. Gen\u00e7 yazar adaylar\u0131na ilham veren etkinlikte, yazarl\u0131k ser\u00fcveni,&#8230;<\/p>\n","protected":false},"author":1,"featured_media":74528,"comment_status":"open","ping_status":"open","sticky":false,"template":"","format":"standard","meta":{"_crdt_document":"","footnotes":""},"categories":[1],"tags":[],"class_list":["post-74527","post","type-post","status-publish","format-standard","has-post-thumbnail","hentry","category-guncel"],"_links":{"self":[{"href":"https:\/\/www.egemtv.com\/index.php?rest_route=\/wp\/v2\/posts\/74527","targetHints":{"allow":["GET"]}}],"collection":[{"href":"https:\/\/www.egemtv.com\/index.php?rest_route=\/wp\/v2\/posts"}],"about":[{"href":"https:\/\/www.egemtv.com\/index.php?rest_route=\/wp\/v2\/types\/post"}],"author":[{"embeddable":true,"href":"https:\/\/www.egemtv.com\/index.php?rest_route=\/wp\/v2\/users\/1"}],"replies":[{"embeddable":true,"href":"https:\/\/www.egemtv.com\/index.php?rest_route=%2Fwp%2Fv2%2Fcomments&post=74527"}],"version-history":[{"count":1,"href":"https:\/\/www.egemtv.com\/index.php?rest_route=\/wp\/v2\/posts\/74527\/revisions"}],"predecessor-version":[{"id":74529,"href":"https:\/\/www.egemtv.com\/index.php?rest_route=\/wp\/v2\/posts\/74527\/revisions\/74529"}],"wp:featuredmedia":[{"embeddable":true,"href":"https:\/\/www.egemtv.com\/index.php?rest_route=\/wp\/v2\/media\/74528"}],"wp:attachment":[{"href":"https:\/\/www.egemtv.com\/index.php?rest_route=%2Fwp%2Fv2%2Fmedia&parent=74527"}],"wp:term":[{"taxonomy":"category","embeddable":true,"href":"https:\/\/www.egemtv.com\/index.php?rest_route=%2Fwp%2Fv2%2Fcategories&post=74527"},{"taxonomy":"post_tag","embeddable":true,"href":"https:\/\/www.egemtv.com\/index.php?rest_route=%2Fwp%2Fv2%2Ftags&post=74527"}],"curies":[{"name":"wp","href":"https:\/\/api.w.org\/{rel}","templated":true}]}}