{"id":74524,"date":"2025-12-16T12:54:54","date_gmt":"2025-12-16T09:54:54","guid":{"rendered":"https:\/\/www.egemtv.com\/?p=74524"},"modified":"2025-12-16T12:54:54","modified_gmt":"2025-12-16T09:54:54","slug":"denizlide-3-kadin-gayrimenkulunu-jandarmaya-bagisladi","status":"publish","type":"post","link":"https:\/\/www.egemtv.com\/?p=74524","title":{"rendered":"Denizli\u2019de 3 kad\u0131n gayrimenkul\u00fcn\u00fc jandarmaya ba\u011f\u0131\u015flad\u0131"},"content":{"rendered":"<p>Denizli\u2019de gayrimenkullerini Jandarma Asayi\u015f Vakf\u0131na ba\u011f\u0131\u015flayan ba\u011f\u0131\u015f\u00e7\u0131ya te\u015fekk\u00fcr belgesi ve plaket verildi.<br \/>\n<br \/>Denizli\u2019nin Tavas il\u00e7esinde ya\u015fayan Fatma Ke\u00e7elio\u011flu ve \u015eerife \u015eenlik ile Honaz il\u00e7esinde ya\u015fayan Elif G\u00fcndo\u011fdu, Jandarma Asayi\u015f Vakf\u0131na anlaml\u0131 bir destekte bulundu. 3 vatanda\u015f gayrimenkullerini Jandarma Asayi\u015f Vakf\u0131na ba\u011f\u0131\u015flad\u0131. Jandarma Asayi\u015f Vakf\u0131 taraf\u0131ndan yap\u0131lan a\u00e7\u0131klamada, &#8220;De\u011ferli ba\u011f\u0131\u015f\u00e7\u0131lar\u0131m\u0131z Yat\u0131r\u0131m, \u0130\u015ftirakler ve Emlak M\u00fcd\u00fcr\u00fcm\u00fcz taraf\u0131ndan ziyaret edilmi\u015f, kendilerine te\u015fekk\u00fcr belgesi ve plaket takdim edilmi\u015ftir. De\u011ferli ba\u011f\u0131\u015f\u00e7\u0131lar\u0131m\u0131za \u015f\u00fckranlar\u0131m\u0131z\u0131 sunar\u0131z&#8221; ifadeleri yer ald\u0131.<br \/><\/p>\n","protected":false},"excerpt":{"rendered":"<p>Denizli\u2019de gayrimenkullerini Jandarma Asayi\u015f Vakf\u0131na ba\u011f\u0131\u015flayan ba\u011f\u0131\u015f\u00e7\u0131ya te\u015fekk\u00fcr belgesi ve plaket verildi. Denizli\u2019nin Tavas il\u00e7esinde ya\u015fayan Fatma Ke\u00e7elio\u011flu ve \u015eerife \u015eenlik ile Honaz il\u00e7esinde ya\u015fayan Elif G\u00fcndo\u011fdu, Jandarma Asayi\u015f Vakf\u0131na anlaml\u0131 bir destekte bulundu. 3 vatanda\u015f gayrimenkullerini Jandarma Asayi\u015f Vakf\u0131na ba\u011f\u0131\u015flad\u0131. Jandarma Asayi\u015f Vakf\u0131 taraf\u0131ndan yap\u0131lan a\u00e7\u0131klamada, &#8220;De\u011ferli ba\u011f\u0131\u015f\u00e7\u0131lar\u0131m\u0131z Yat\u0131r\u0131m, \u0130\u015ftirakler ve Emlak M\u00fcd\u00fcr\u00fcm\u00fcz taraf\u0131ndan&#8230;<\/p>\n","protected":false},"author":1,"featured_media":74525,"comment_status":"open","ping_status":"open","sticky":false,"template":"","format":"standard","meta":{"_crdt_document":"","footnotes":""},"categories":[123],"tags":[],"class_list":["post-74524","post","type-post","status-publish","format-standard","has-post-thumbnail","hentry","category-gundem"],"_links":{"self":[{"href":"https:\/\/www.egemtv.com\/index.php?rest_route=\/wp\/v2\/posts\/74524","targetHints":{"allow":["GET"]}}],"collection":[{"href":"https:\/\/www.egemtv.com\/index.php?rest_route=\/wp\/v2\/posts"}],"about":[{"href":"https:\/\/www.egemtv.com\/index.php?rest_route=\/wp\/v2\/types\/post"}],"author":[{"embeddable":true,"href":"https:\/\/www.egemtv.com\/index.php?rest_route=\/wp\/v2\/users\/1"}],"replies":[{"embeddable":true,"href":"https:\/\/www.egemtv.com\/index.php?rest_route=%2Fwp%2Fv2%2Fcomments&post=74524"}],"version-history":[{"count":1,"href":"https:\/\/www.egemtv.com\/index.php?rest_route=\/wp\/v2\/posts\/74524\/revisions"}],"predecessor-version":[{"id":74526,"href":"https:\/\/www.egemtv.com\/index.php?rest_route=\/wp\/v2\/posts\/74524\/revisions\/74526"}],"wp:featuredmedia":[{"embeddable":true,"href":"https:\/\/www.egemtv.com\/index.php?rest_route=\/wp\/v2\/media\/74525"}],"wp:attachment":[{"href":"https:\/\/www.egemtv.com\/index.php?rest_route=%2Fwp%2Fv2%2Fmedia&parent=74524"}],"wp:term":[{"taxonomy":"category","embeddable":true,"href":"https:\/\/www.egemtv.com\/index.php?rest_route=%2Fwp%2Fv2%2Fcategories&post=74524"},{"taxonomy":"post_tag","embeddable":true,"href":"https:\/\/www.egemtv.com\/index.php?rest_route=%2Fwp%2Fv2%2Ftags&post=74524"}],"curies":[{"name":"wp","href":"https:\/\/api.w.org\/{rel}","templated":true}]}}