{"id":74521,"date":"2025-12-16T12:54:52","date_gmt":"2025-12-16T09:54:52","guid":{"rendered":"https:\/\/www.egemtv.com\/?p=74521"},"modified":"2025-12-16T12:54:53","modified_gmt":"2025-12-16T09:54:53","slug":"ev-degil-cephanelik","status":"publish","type":"post","link":"https:\/\/www.egemtv.com\/?p=74521","title":{"rendered":"Ev de\u011fil cephanelik"},"content":{"rendered":"<p>\u0130zmir\u2019in Karaba\u011flar il\u00e7esinde polis ekipleri taraf\u0131ndan bir adrese y\u00f6nelik ger\u00e7ekle\u015ftirilen operasyonda, \u00e7ok say\u0131da ruhsats\u0131z silah ve par\u00e7alar\u0131 ile bir miktar uyu\u015fturucu madde ele ge\u00e7irildi. Olayla ilgili 3 \u015f\u00fcpheli g\u00f6zalt\u0131na al\u0131nd\u0131.<br \/>\n<br \/>Karaba\u011flar \u0130l\u00e7e Emniyet M\u00fcd\u00fcrl\u00fc\u011f\u00fc Su\u00e7 \u00d6nleme ve Soru\u015fturma B\u00fcro Amirli\u011fi\u2019ne ba\u011fl\u0131 ekipler taraf\u0131ndan, \u00e7ok say\u0131da silah bar\u0131nd\u0131rd\u0131klar\u0131 belirlenen G.T., B.H. ve M.F. ile ilgili detayl\u0131 analiz \u00e7al\u0131\u015fmalar\u0131 y\u00fcr\u00fct\u00fcld\u00fc. \u00c7al\u0131\u015fmalar sonucunda \u015f\u00fcphelilerin Karaba\u011flar ve Konak il\u00e7elerinde kay\u0131t d\u0131\u015f\u0131 kald\u0131klar\u0131 adresler tespit edildi. Belirlenen adreslere d\u00fczenlenen e\u015f zamanl\u0131 operasyonda; 3 adet ruhsats\u0131z tabanca, 4 adet pompal\u0131 t\u00fcfek, 1 adet kurus\u0131k\u0131 tabanca, 3 \u015farj\u00f6r, 3 adet pompal\u0131 t\u00fcfek \u015farj\u00f6r\u00fc, 1 adet tambur \u015farj\u00f6r, 2 adet s\u00fcrg\u00fc, 8 adet 7.65 mm fi\u015fek, 6 adet t\u00fcfek kartu\u015fu ile 1 adet kama ele ge\u00e7irildi. Operasyonda ayr\u0131ca uyu\u015fturucu maddeye de rastlan\u0131rken, bir miktar metamfetamin maddesi ele ge\u00e7irildi.<br \/>\n<br \/>G\u00f6zalt\u0131na al\u0131nan \u015f\u00fcpheliler hakk\u0131nda, Uyu\u015fturucu Madde Ticareti ile Ate\u015fli Silahlar ve B\u0131\u00e7aklar ile Di\u011fer Aletler Hakk\u0131nda Kanuna Muhalefet su\u00e7lar\u0131ndan i\u015flem ba\u015flat\u0131ld\u0131. \u015e\u00fcphelilerin, Karaba\u011flar \u0130l\u00e7e Emniyet M\u00fcd\u00fcrl\u00fc\u011f\u00fc Su\u00e7 \u00d6nleme ve Soru\u015fturma B\u00fcro Amirli\u011fi\u2019nde yap\u0131lacak i\u015flemlerinin ard\u0131ndan bug\u00fcn adliyeye sevk edilece\u011fi \u00f6\u011frenildi.<br \/><\/p>\n","protected":false},"excerpt":{"rendered":"<p>\u0130zmir\u2019in Karaba\u011flar il\u00e7esinde polis ekipleri taraf\u0131ndan bir adrese y\u00f6nelik ger\u00e7ekle\u015ftirilen operasyonda, \u00e7ok say\u0131da ruhsats\u0131z silah ve par\u00e7alar\u0131 ile bir miktar uyu\u015fturucu madde ele ge\u00e7irildi. Olayla ilgili 3 \u015f\u00fcpheli g\u00f6zalt\u0131na al\u0131nd\u0131. Karaba\u011flar \u0130l\u00e7e Emniyet M\u00fcd\u00fcrl\u00fc\u011f\u00fc Su\u00e7 \u00d6nleme ve Soru\u015fturma B\u00fcro Amirli\u011fi\u2019ne ba\u011fl\u0131 ekipler taraf\u0131ndan, \u00e7ok say\u0131da silah bar\u0131nd\u0131rd\u0131klar\u0131 belirlenen G.T., B.H. ve M.F. ile ilgili detayl\u0131&#8230;<\/p>\n","protected":false},"author":1,"featured_media":74522,"comment_status":"open","ping_status":"open","sticky":false,"template":"","format":"standard","meta":{"_crdt_document":"","footnotes":""},"categories":[5],"tags":[],"class_list":["post-74521","post","type-post","status-publish","format-standard","has-post-thumbnail","hentry","category-asayis"],"_links":{"self":[{"href":"https:\/\/www.egemtv.com\/index.php?rest_route=\/wp\/v2\/posts\/74521","targetHints":{"allow":["GET"]}}],"collection":[{"href":"https:\/\/www.egemtv.com\/index.php?rest_route=\/wp\/v2\/posts"}],"about":[{"href":"https:\/\/www.egemtv.com\/index.php?rest_route=\/wp\/v2\/types\/post"}],"author":[{"embeddable":true,"href":"https:\/\/www.egemtv.com\/index.php?rest_route=\/wp\/v2\/users\/1"}],"replies":[{"embeddable":true,"href":"https:\/\/www.egemtv.com\/index.php?rest_route=%2Fwp%2Fv2%2Fcomments&post=74521"}],"version-history":[{"count":1,"href":"https:\/\/www.egemtv.com\/index.php?rest_route=\/wp\/v2\/posts\/74521\/revisions"}],"predecessor-version":[{"id":74523,"href":"https:\/\/www.egemtv.com\/index.php?rest_route=\/wp\/v2\/posts\/74521\/revisions\/74523"}],"wp:featuredmedia":[{"embeddable":true,"href":"https:\/\/www.egemtv.com\/index.php?rest_route=\/wp\/v2\/media\/74522"}],"wp:attachment":[{"href":"https:\/\/www.egemtv.com\/index.php?rest_route=%2Fwp%2Fv2%2Fmedia&parent=74521"}],"wp:term":[{"taxonomy":"category","embeddable":true,"href":"https:\/\/www.egemtv.com\/index.php?rest_route=%2Fwp%2Fv2%2Fcategories&post=74521"},{"taxonomy":"post_tag","embeddable":true,"href":"https:\/\/www.egemtv.com\/index.php?rest_route=%2Fwp%2Fv2%2Ftags&post=74521"}],"curies":[{"name":"wp","href":"https:\/\/api.w.org\/{rel}","templated":true}]}}