{"id":74518,"date":"2025-12-16T12:34:49","date_gmt":"2025-12-16T09:34:49","guid":{"rendered":"https:\/\/www.egemtv.com\/?p=74518"},"modified":"2025-12-16T12:34:49","modified_gmt":"2025-12-16T09:34:49","slug":"izmir-polisinden-sok-operasyonlar-binlerce-uyusturucu-hap-ele-gecirildi-aranan-329-sahis-yakalandi","status":"publish","type":"post","link":"https:\/\/www.egemtv.com\/?p=74518","title":{"rendered":"\u0130zmir polisinden \u015fok operasyonlar: Binlerce uyu\u015fturucu hap ele ge\u00e7irildi, aranan 329 \u015fah\u0131s yakaland\u0131"},"content":{"rendered":"<p>\u0130zmir\u2019in en kalabal\u0131k ikinci il\u00e7esi olan Karaba\u011flar\u2019da polis ekipleri taraf\u0131ndan son iki haftada ger\u00e7ekle\u015ftirilen operasyonlarda, y\u00fckl\u00fc miktarda uyu\u015fturucu madde ve ruhsats\u0131z silah ele ge\u00e7irilirken, \u00e7e\u015fitli su\u00e7lardan aranan 329 \u015f\u00fcpheli yakaland\u0131.<br \/>\n<br \/>Karaba\u011flar \u0130l\u00e7e Emniyet M\u00fcd\u00fcrl\u00fc\u011f\u00fc ekiplerince 1-14 Aral\u0131k tarihleri aras\u0131nda ger\u00e7ekle\u015ftirilen kapsaml\u0131 denetim ve operasyonlarda, uyu\u015fturucu madde ve ruhsats\u0131z silahlara b\u00fcy\u00fck darbe vurulurken, \u00e7e\u015fitli su\u00e7lardan aranan 329 \u015fah\u0131s yakaland\u0131. Polis ekiplerinin y\u00fcr\u00fctt\u00fc\u011f\u00fc \u00e7al\u0131\u015fmalarda, narkotik su\u00e7larla m\u00fccadele kapsam\u0131nda toplam 304,25 gram narkotik madde ile 18 bin 563 adet uyu\u015fturucu hap ele ge\u00e7irildi. Uyu\u015fturucu madde ticareti yapma su\u00e7una y\u00f6nelik ger\u00e7ekle\u015ftirilen 15 ayr\u0131 operasyonda 15 \u015f\u00fcpheli yakalanarak adli mercilere sevk edilirken, 2 \u015f\u00fcpheli tutukland\u0131. Uyu\u015fturucu madde kullanma su\u00e7undan ise 135 \u015fah\u0131s hakk\u0131nda adli i\u015flem yap\u0131ld\u0131.<br \/>\n<br \/>Ruhsats\u0131z silah ve kesici aletlere y\u00f6nelik yap\u0131lan \u00e7al\u0131\u015fmalarda ise 6 adet tabanca, 2 adet ruhsats\u0131z av t\u00fcfe\u011fi, 5 adet 6136 Say\u0131l\u0131 Kanun kapsam\u0131nda b\u0131\u00e7ak ve 1 adet kurus\u0131k\u0131 tabanca ele ge\u00e7irildi. 6136 SKM kapsam\u0131nda 17 ayr\u0131 olayda 20 \u015f\u00fcpheli hakk\u0131nda adli i\u015flem yap\u0131l\u0131rken, 2 \u015f\u00fcpheli tutukland\u0131.<br \/>\n<br \/>\u00d6te yandan, y\u00fcr\u00fct\u00fclen denetim ve uygulamalarda; uyu\u015fturucu madde ticareti su\u00e7undan 22 y\u0131l, h\u0131rs\u0131zl\u0131k su\u00e7lar\u0131ndan 17 y\u0131l, kasten yaralama su\u00e7undan 13 y\u0131l ve doland\u0131r\u0131c\u0131l\u0131k su\u00e7lar\u0131ndan 11 y\u0131l kesinle\u015fmi\u015f hapis cezas\u0131 bulunan \u015fah\u0131slar\u0131n da aralar\u0131nda yer ald\u0131\u011f\u0131 toplam 329 aranan ki\u015fi yakalanarak adli mercilere teslim edildi.<br \/><\/p>\n","protected":false},"excerpt":{"rendered":"<p>\u0130zmir\u2019in en kalabal\u0131k ikinci il\u00e7esi olan Karaba\u011flar\u2019da polis ekipleri taraf\u0131ndan son iki haftada ger\u00e7ekle\u015ftirilen operasyonlarda, y\u00fckl\u00fc miktarda uyu\u015fturucu madde ve ruhsats\u0131z silah ele ge\u00e7irilirken, \u00e7e\u015fitli su\u00e7lardan aranan 329 \u015f\u00fcpheli yakaland\u0131. Karaba\u011flar \u0130l\u00e7e Emniyet M\u00fcd\u00fcrl\u00fc\u011f\u00fc ekiplerince 1-14 Aral\u0131k tarihleri aras\u0131nda ger\u00e7ekle\u015ftirilen kapsaml\u0131 denetim ve operasyonlarda, uyu\u015fturucu madde ve ruhsats\u0131z silahlara b\u00fcy\u00fck darbe vurulurken, \u00e7e\u015fitli su\u00e7lardan aranan&#8230;<\/p>\n","protected":false},"author":1,"featured_media":74519,"comment_status":"open","ping_status":"open","sticky":false,"template":"","format":"standard","meta":{"_crdt_document":"","footnotes":""},"categories":[5],"tags":[],"class_list":["post-74518","post","type-post","status-publish","format-standard","has-post-thumbnail","hentry","category-asayis"],"_links":{"self":[{"href":"https:\/\/www.egemtv.com\/index.php?rest_route=\/wp\/v2\/posts\/74518","targetHints":{"allow":["GET"]}}],"collection":[{"href":"https:\/\/www.egemtv.com\/index.php?rest_route=\/wp\/v2\/posts"}],"about":[{"href":"https:\/\/www.egemtv.com\/index.php?rest_route=\/wp\/v2\/types\/post"}],"author":[{"embeddable":true,"href":"https:\/\/www.egemtv.com\/index.php?rest_route=\/wp\/v2\/users\/1"}],"replies":[{"embeddable":true,"href":"https:\/\/www.egemtv.com\/index.php?rest_route=%2Fwp%2Fv2%2Fcomments&post=74518"}],"version-history":[{"count":1,"href":"https:\/\/www.egemtv.com\/index.php?rest_route=\/wp\/v2\/posts\/74518\/revisions"}],"predecessor-version":[{"id":74520,"href":"https:\/\/www.egemtv.com\/index.php?rest_route=\/wp\/v2\/posts\/74518\/revisions\/74520"}],"wp:featuredmedia":[{"embeddable":true,"href":"https:\/\/www.egemtv.com\/index.php?rest_route=\/wp\/v2\/media\/74519"}],"wp:attachment":[{"href":"https:\/\/www.egemtv.com\/index.php?rest_route=%2Fwp%2Fv2%2Fmedia&parent=74518"}],"wp:term":[{"taxonomy":"category","embeddable":true,"href":"https:\/\/www.egemtv.com\/index.php?rest_route=%2Fwp%2Fv2%2Fcategories&post=74518"},{"taxonomy":"post_tag","embeddable":true,"href":"https:\/\/www.egemtv.com\/index.php?rest_route=%2Fwp%2Fv2%2Ftags&post=74518"}],"curies":[{"name":"wp","href":"https:\/\/api.w.org\/{rel}","templated":true}]}}