{"id":74515,"date":"2025-12-16T12:15:15","date_gmt":"2025-12-16T09:15:15","guid":{"rendered":"https:\/\/www.egemtv.com\/?p=74515"},"modified":"2025-12-16T12:15:16","modified_gmt":"2025-12-16T09:15:16","slug":"muglada-konut-satislari-dustu","status":"publish","type":"post","link":"https:\/\/www.egemtv.com\/?p=74515","title":{"rendered":"Mu\u011fla\u2019da konut sat\u0131\u015flar\u0131 d\u00fc\u015ft\u00fc"},"content":{"rendered":"<p>T\u00fcrkiye genelinde konut sat\u0131\u015flar\u0131 Kas\u0131m ay\u0131nda d\u00fc\u015f\u00fc\u015f g\u00f6sterirken, Mu\u011fla\u2019da da sat\u0131\u015flar ge\u00e7en y\u0131l\u0131n ayn\u0131 d\u00f6nemine g\u00f6re geriledi. Kas\u0131m 2025\u2019te kent genelinde bin 899 konut sat\u0131\u015f\u0131 ger\u00e7ekle\u015fti.<\/p>\n<p>T\u00fcrkiye \u0130statistik Kurumu\u2019nun (T\u00dc\u0130K) a\u00e7\u0131klad\u0131\u011f\u0131 verilere g\u00f6re, T\u00fcrkiye genelinde konut sat\u0131\u015flar\u0131 Kas\u0131m ay\u0131nda bir \u00f6nceki y\u0131l\u0131n ayn\u0131 ay\u0131na g\u00f6re y\u00fczde 7,8 azalarak 141 bin 100 oldu. A\u00e7\u0131klanan veriler, Mu\u011fla\u2019daki konut sat\u0131\u015flar\u0131nda da d\u00fc\u015f\u00fc\u015f ya\u015fand\u0131\u011f\u0131n\u0131 ortaya koydu. Mu\u011fla\u2019da Kas\u0131m 2025 d\u00f6neminde toplam bin 899 konut sat\u0131ld\u0131. Bu sat\u0131\u015flar\u0131n 245\u2019i ipotekli sat\u0131\u015flardan, bin 654\u2019\u00fc ise di\u011fer sat\u0131\u015f t\u00fcrlerinden olu\u015ftu. Sat\u0131lan konutlar\u0131n 593\u2019\u00fc ilk el, bin 306\u2019s\u0131 ise ikinci el konut olarak kay\u0131tlara ge\u00e7ti.<\/p>\n<p>Ge\u00e7en y\u0131l\u0131n ayn\u0131 d\u00f6neminde Mu\u011fla\u2019da konut sat\u0131\u015flar\u0131 daha y\u00fcksek seviyedeyken Kas\u0131m 2024\u2019te kent genelinde toplam 2 bin 126 konut sat\u0131\u015f\u0131 yap\u0131lm\u0131\u015ft\u0131. Buna g\u00f6re Mu\u011fla\u2019da konut sat\u0131\u015flar\u0131 bir y\u0131lda 227 adet azald\u0131.<br \/><\/p>\n","protected":false},"excerpt":{"rendered":"<p>T\u00fcrkiye genelinde konut sat\u0131\u015flar\u0131 Kas\u0131m ay\u0131nda d\u00fc\u015f\u00fc\u015f g\u00f6sterirken, Mu\u011fla\u2019da da sat\u0131\u015flar ge\u00e7en y\u0131l\u0131n ayn\u0131 d\u00f6nemine g\u00f6re geriledi. Kas\u0131m 2025\u2019te kent genelinde bin 899 konut sat\u0131\u015f\u0131 ger\u00e7ekle\u015fti. T\u00fcrkiye \u0130statistik Kurumu\u2019nun (T\u00dc\u0130K) a\u00e7\u0131klad\u0131\u011f\u0131 verilere g\u00f6re, T\u00fcrkiye genelinde konut sat\u0131\u015flar\u0131 Kas\u0131m ay\u0131nda bir \u00f6nceki y\u0131l\u0131n ayn\u0131 ay\u0131na g\u00f6re y\u00fczde 7,8 azalarak 141 bin 100 oldu. A\u00e7\u0131klanan veriler, Mu\u011fla\u2019daki&#8230;<\/p>\n","protected":false},"author":1,"featured_media":74516,"comment_status":"open","ping_status":"open","sticky":false,"template":"","format":"standard","meta":{"_crdt_document":"","footnotes":""},"categories":[125],"tags":[],"class_list":["post-74515","post","type-post","status-publish","format-standard","has-post-thumbnail","hentry","category-ekonomi"],"_links":{"self":[{"href":"https:\/\/www.egemtv.com\/index.php?rest_route=\/wp\/v2\/posts\/74515","targetHints":{"allow":["GET"]}}],"collection":[{"href":"https:\/\/www.egemtv.com\/index.php?rest_route=\/wp\/v2\/posts"}],"about":[{"href":"https:\/\/www.egemtv.com\/index.php?rest_route=\/wp\/v2\/types\/post"}],"author":[{"embeddable":true,"href":"https:\/\/www.egemtv.com\/index.php?rest_route=\/wp\/v2\/users\/1"}],"replies":[{"embeddable":true,"href":"https:\/\/www.egemtv.com\/index.php?rest_route=%2Fwp%2Fv2%2Fcomments&post=74515"}],"version-history":[{"count":1,"href":"https:\/\/www.egemtv.com\/index.php?rest_route=\/wp\/v2\/posts\/74515\/revisions"}],"predecessor-version":[{"id":74517,"href":"https:\/\/www.egemtv.com\/index.php?rest_route=\/wp\/v2\/posts\/74515\/revisions\/74517"}],"wp:featuredmedia":[{"embeddable":true,"href":"https:\/\/www.egemtv.com\/index.php?rest_route=\/wp\/v2\/media\/74516"}],"wp:attachment":[{"href":"https:\/\/www.egemtv.com\/index.php?rest_route=%2Fwp%2Fv2%2Fmedia&parent=74515"}],"wp:term":[{"taxonomy":"category","embeddable":true,"href":"https:\/\/www.egemtv.com\/index.php?rest_route=%2Fwp%2Fv2%2Fcategories&post=74515"},{"taxonomy":"post_tag","embeddable":true,"href":"https:\/\/www.egemtv.com\/index.php?rest_route=%2Fwp%2Fv2%2Ftags&post=74515"}],"curies":[{"name":"wp","href":"https:\/\/api.w.org\/{rel}","templated":true}]}}