{"id":74509,"date":"2025-12-16T11:54:44","date_gmt":"2025-12-16T08:54:44","guid":{"rendered":"https:\/\/www.egemtv.com\/?p=74509"},"modified":"2025-12-16T11:54:45","modified_gmt":"2025-12-16T08:54:45","slug":"jeotermal-sondaj-kuyularinda-inceleme-yapildi","status":"publish","type":"post","link":"https:\/\/www.egemtv.com\/?p=74509","title":{"rendered":"Jeotermal sondaj kuyular\u0131nda inceleme yap\u0131ld\u0131"},"content":{"rendered":"<p>Afyonkarahisar\u2019da Serac\u0131l\u0131k Organize Tar\u0131m B\u00f6lgesi (TD\u0130OSB) arazisi ve jeotermal sondaj kuyular\u0131nda inceleme yap\u0131ld\u0131.<br \/>\n<br \/>Afyonkarahisar Tar\u0131m ve Orman \u0130l M\u00fcd\u00fcrl\u00fc\u011f\u00fcnden yap\u0131lan yaz\u0131l\u0131 a\u00e7\u0131klamada Cumhurba\u015fkanl\u0131\u011f\u0131 Strateji ve B\u00fct\u00e7e Ba\u015fkanl\u0131\u011f\u0131ndan Daire Ba\u015fkan\u0131 Hakan G\u00fcnl\u00fc ve Tar\u0131m Uzman\u0131 G\u00f6zde Dalk\u0131ran, Serac\u0131l\u0131k Organize Tar\u0131m B\u00f6lgesi (TD\u0130OSB) arazisi ve jeotermal sondaj kuyular\u0131nda incelemelerde bulunduklar\u0131 belirtildi. Ziyaretle ilgili a\u00e7\u0131klamada, &#8220;Heyete \u0130l M\u00fcd\u00fcr\u00fcm\u00fcz ve ayn\u0131 zamanda TD\u0130OSB Y\u00f6netim Kurulu \u00dcyesi \u00d6zkan Parlak ile TD\u0130OSB B\u00f6lge M\u00fcd\u00fcr\u00fc G\u00f6khan T\u00fcplek ve Tar\u0131msal Altyap\u0131 ve Arazi De\u011ferlendirme \u015eube M\u00fcd\u00fcr\u00fc \u00d6zg\u00fcr Babal\u0131k e\u015flik ederek y\u00fcr\u00fct\u00fclen \u00e7al\u0131\u015fmalar hakk\u0131nda kapsaml\u0131 bilgiler verdi. Ziyaret \u00e7er\u00e7evesinde b\u00f6lgenin mevcut durumu, jeotermal kaynaklar\u0131n tar\u0131msal \u00fcretimde kullan\u0131m\u0131 ve planlanan yat\u0131r\u0131mlar \u00fczerine de\u011ferlendirmelerde bulunuldu&#8221; ifadelerine yer verildi.<br \/><\/p>\n","protected":false},"excerpt":{"rendered":"<p>Afyonkarahisar\u2019da Serac\u0131l\u0131k Organize Tar\u0131m B\u00f6lgesi (TD\u0130OSB) arazisi ve jeotermal sondaj kuyular\u0131nda inceleme yap\u0131ld\u0131. Afyonkarahisar Tar\u0131m ve Orman \u0130l M\u00fcd\u00fcrl\u00fc\u011f\u00fcnden yap\u0131lan yaz\u0131l\u0131 a\u00e7\u0131klamada Cumhurba\u015fkanl\u0131\u011f\u0131 Strateji ve B\u00fct\u00e7e Ba\u015fkanl\u0131\u011f\u0131ndan Daire Ba\u015fkan\u0131 Hakan G\u00fcnl\u00fc ve Tar\u0131m Uzman\u0131 G\u00f6zde Dalk\u0131ran, Serac\u0131l\u0131k Organize Tar\u0131m B\u00f6lgesi (TD\u0130OSB) arazisi ve jeotermal sondaj kuyular\u0131nda incelemelerde bulunduklar\u0131 belirtildi. Ziyaretle ilgili a\u00e7\u0131klamada, &#8220;Heyete \u0130l M\u00fcd\u00fcr\u00fcm\u00fcz&#8230;<\/p>\n","protected":false},"author":1,"featured_media":74510,"comment_status":"open","ping_status":"open","sticky":false,"template":"","format":"standard","meta":{"_crdt_document":"","footnotes":""},"categories":[1],"tags":[],"class_list":["post-74509","post","type-post","status-publish","format-standard","has-post-thumbnail","hentry","category-guncel"],"_links":{"self":[{"href":"https:\/\/www.egemtv.com\/index.php?rest_route=\/wp\/v2\/posts\/74509","targetHints":{"allow":["GET"]}}],"collection":[{"href":"https:\/\/www.egemtv.com\/index.php?rest_route=\/wp\/v2\/posts"}],"about":[{"href":"https:\/\/www.egemtv.com\/index.php?rest_route=\/wp\/v2\/types\/post"}],"author":[{"embeddable":true,"href":"https:\/\/www.egemtv.com\/index.php?rest_route=\/wp\/v2\/users\/1"}],"replies":[{"embeddable":true,"href":"https:\/\/www.egemtv.com\/index.php?rest_route=%2Fwp%2Fv2%2Fcomments&post=74509"}],"version-history":[{"count":1,"href":"https:\/\/www.egemtv.com\/index.php?rest_route=\/wp\/v2\/posts\/74509\/revisions"}],"predecessor-version":[{"id":74511,"href":"https:\/\/www.egemtv.com\/index.php?rest_route=\/wp\/v2\/posts\/74509\/revisions\/74511"}],"wp:featuredmedia":[{"embeddable":true,"href":"https:\/\/www.egemtv.com\/index.php?rest_route=\/wp\/v2\/media\/74510"}],"wp:attachment":[{"href":"https:\/\/www.egemtv.com\/index.php?rest_route=%2Fwp%2Fv2%2Fmedia&parent=74509"}],"wp:term":[{"taxonomy":"category","embeddable":true,"href":"https:\/\/www.egemtv.com\/index.php?rest_route=%2Fwp%2Fv2%2Fcategories&post=74509"},{"taxonomy":"post_tag","embeddable":true,"href":"https:\/\/www.egemtv.com\/index.php?rest_route=%2Fwp%2Fv2%2Ftags&post=74509"}],"curies":[{"name":"wp","href":"https:\/\/api.w.org\/{rel}","templated":true}]}}