{"id":74506,"date":"2025-12-16T11:54:43","date_gmt":"2025-12-16T08:54:43","guid":{"rendered":"https:\/\/www.egemtv.com\/?p=74506"},"modified":"2025-12-16T11:54:44","modified_gmt":"2025-12-16T08:54:44","slug":"hayvan-sevgisini-istismar-etti-kopekler-aciktan-birbirini-yedi","status":"publish","type":"post","link":"https:\/\/www.egemtv.com\/?p=74506","title":{"rendered":"Hayvan sevgisini istismar etti, k\u00f6pekler a\u00e7\u0131ktan birbirini yedi"},"content":{"rendered":"<p>Denizli\u2019nin Bekilli il\u00e7esinde, sokaklardan toplanarak \u2019iyi bak\u0131ld\u0131klar\u0131\u2019 iddia edilen, yurt d\u0131\u015f\u0131 ve i\u00e7inden y\u00fckl\u00fc miktarlarda ba\u011f\u0131\u015flar toplanan s\u00f6zde bar\u0131nakta, k\u00f6peklerin a\u00e7l\u0131ktan birbirlerini yedikleri ortaya \u00e7\u0131kt\u0131.<br \/>\n<br \/>Bekilli il\u00e7esinde sokaklardan toplanarak \u2019iyi bak\u0131ld\u0131klar\u0131\u2019 iddia edilen k\u00f6pekler i\u00e7in olu\u015fturulan \u00f6zel ya\u015fam alan\u0131nda \u00e7ekilen g\u00f6r\u00fcnt\u00fcler, hayvan sevgisi \u00fczerinden yap\u0131lan istismar\u0131n en ac\u0131 \u00f6rneklerinden birisini ortaya \u00e7\u0131kard\u0131. Video ve g\u00f6rsellerde hayvanlar\u0131n a\u00e7 b\u0131rak\u0131ld\u0131\u011f\u0131, hasta, yaral\u0131 ve bitkin halde olduklar\u0131, tedavi edilmedikleri, \u00f6l\u00fcme terk edildikleri, \u00f6len hayvanlar\u0131n par\u00e7aland\u0131\u011f\u0131, par\u00e7alanan kedi ve k\u00f6peklerin di\u011fer kedi ve k\u00f6peklere yedirildi\u011fi, \u00f6l\u00fc kedi ve k\u00f6peklerin yatak altlar\u0131ndan \u00e7\u0131kt\u0131\u011f\u0131, hayvan le\u015flerinin a\u00e7\u0131lan \u00e7ukurlara at\u0131ld\u0131\u011f\u0131, hasta tavuklar\u0131n, t\u00fcyleri dahi yolunmadan bu hayvanlara zorla yedirildi\u011fi g\u00f6r\u00fcld\u00fc.<br \/>\n<br \/>SOHAYKO Derne\u011fi Ba\u015fkan\u0131 El\u00e7in Yasin Y\u0131lmaz, gelen g\u00f6r\u00fcnt\u00fcler, tan\u0131k beyanlar\u0131 ve belgelerle birlikte bar\u0131nak sahibi G.E. hakk\u0131nda resmi su\u00e7 duyurular\u0131n\u0131 yapt\u0131. Hayvanlar\u0131n iyi bak\u0131lmas\u0131 i\u00e7in kurulan s\u00f6zde ya\u015fam alan\u0131 i\u00e7in Almanya ba\u015fta olmak \u00fczere yurt d\u0131\u015f\u0131ndan \u00e7ok ciddi ba\u011f\u0131\u015flar topland\u0131\u011f\u0131, ancak bu paralar\u0131n hayvanlar\u0131n bak\u0131m\u0131na, tedavisine ve ya\u015fam hakk\u0131na kullan\u0131lmad\u0131\u011f\u0131na dair g\u00fc\u00e7l\u00fc iddialar\u0131n ve belgelerin bulundu\u011fu iddia edildi.<\/p>\n<p>&#8220;Bu kad\u0131n\u0131n hayvanlara dokunmas\u0131 dahi yasaklanmal\u0131&#8221;<br \/>\n<br \/>Gelen ihbar ve g\u00f6r\u00fcnt\u00fclerde kar\u015f\u0131la\u015ft\u0131klar\u0131 manzaran\u0131n i\u00e7ler ac\u0131s\u0131 oldu\u011funu belirten Dernek Ba\u015fkan\u0131 Yasin Y\u0131lmaz, &#8220;Denizli\u2019nin Bekilli il\u00e7esinde inan\u0131lmaz g\u00f6r\u00fcnt\u00fcler ve ihbarlar geldi. Bu ihbarlarda \u00f6lm\u00fc\u015f hayvanlar\u0131, di\u011fer hayvanlar\u0131n yedi\u011fini g\u00f6rd\u00fck. \u00c7ukurlar a\u00e7\u0131lm\u0131\u015f, hayvanlar \u00fcst \u00fcste at\u0131lm\u0131\u015flar, g\u00f6m\u00fclmemi\u015fler dahi. Hayvanlar\u0131n \u00e7ok hasta olduklar\u0131 belli, \u00e7ok k\u00f6t\u00fc durumda olduklar\u0131 belli. Bununla alakal\u0131 olarak su\u00e7 duyurular\u0131m\u0131z\u0131 yap\u0131yoruz. Valimizden de ricam\u0131z var, G\u00fclten isimli bu kad\u0131n\u0131n tespit edilip hayvan bulundurmas\u0131na, hayvana dokunmas\u0131na kesinlikle ve kesinlikle yasak getirilmesini istiyoruz. Yani hayvanlar bu durumdayken bir de yurt d\u0131\u015f\u0131ndan Almanya\u2019dan di\u011fer \u00fclkelerden de para toplad\u0131\u011f\u0131 iddia ediliyor. Hayvanlar peri\u015fan ve \u00e7ok k\u00f6t\u00fc durumda. Bu g\u00f6r\u00fcnt\u00fcleri art\u0131k g\u00f6rmek istemiyoruz. Ne belediye bar\u0131naklar\u0131nda ne de ba\u015fka yerlerde hi\u00e7bir \u015fekilde g\u00f6rmek istemiyoruz. Buradan yetkili kurumlara sesleniyorum. Buras\u0131 bu hale gelene kadar hi\u00e7 mi denetlemediniz? Hi\u00e7 mi g\u00f6rmediniz? Hi\u00e7 mi kimse size bir \u015fey s\u00f6ylemedi? Neden buralar\u0131 bu hale gelene kadar bekletiyorsunuz?&#8221; dedi.<br \/>\n<br \/>\u00d6lmek \u00fczere olan hayvanlar\u0131n kurtar\u0131lmas\u0131 i\u00e7in g\u00f6n\u00fcll\u00fclere \u00e7a\u011fr\u0131da bulunan Y\u0131lmaz, &#8220;L\u00fctfen elinizi ta\u015f\u0131n alt\u0131na koyun ve buradaki hayvanlar\u0131n kurtar\u0131lmas\u0131 i\u00e7in elinizden geleni yap\u0131n. \u00c7ok k\u00f6t\u00fc \u015fekilde hayvanlar\u0131n bak\u0131ld\u0131\u011f\u0131n\u0131 g\u00f6rd\u00fc\u011f\u00fcn\u00fcz zaman l\u00fctfen bizimle irtibata ge\u00e7in. Amac\u0131m\u0131z hayvan refah\u0131n\u0131 y\u00fckseltmek. Hayvanlar\u0131n \u00e7ok daha iyi \u015fartlarda ya\u015famas\u0131n\u0131 sa\u011flamak. Bu olay\u0131n sonuna kadar takip\u00e7isiyim. Bu insan\u0131n en b\u00fcy\u00fck cezalar\u0131 almas\u0131 i\u00e7in gayret edece\u011fiz&#8221;<br \/><\/p>\n","protected":false},"excerpt":{"rendered":"<p>Denizli\u2019nin Bekilli il\u00e7esinde, sokaklardan toplanarak \u2019iyi bak\u0131ld\u0131klar\u0131\u2019 iddia edilen, yurt d\u0131\u015f\u0131 ve i\u00e7inden y\u00fckl\u00fc miktarlarda ba\u011f\u0131\u015flar toplanan s\u00f6zde bar\u0131nakta, k\u00f6peklerin a\u00e7l\u0131ktan birbirlerini yedikleri ortaya \u00e7\u0131kt\u0131. Bekilli il\u00e7esinde sokaklardan toplanarak \u2019iyi bak\u0131ld\u0131klar\u0131\u2019 iddia edilen k\u00f6pekler i\u00e7in olu\u015fturulan \u00f6zel ya\u015fam alan\u0131nda \u00e7ekilen g\u00f6r\u00fcnt\u00fcler, hayvan sevgisi \u00fczerinden yap\u0131lan istismar\u0131n en ac\u0131 \u00f6rneklerinden birisini ortaya \u00e7\u0131kard\u0131. Video ve g\u00f6rsellerde&#8230;<\/p>\n","protected":false},"author":1,"featured_media":74507,"comment_status":"open","ping_status":"open","sticky":false,"template":"","format":"standard","meta":{"_crdt_document":"","footnotes":""},"categories":[1],"tags":[],"class_list":["post-74506","post","type-post","status-publish","format-standard","has-post-thumbnail","hentry","category-guncel"],"_links":{"self":[{"href":"https:\/\/www.egemtv.com\/index.php?rest_route=\/wp\/v2\/posts\/74506","targetHints":{"allow":["GET"]}}],"collection":[{"href":"https:\/\/www.egemtv.com\/index.php?rest_route=\/wp\/v2\/posts"}],"about":[{"href":"https:\/\/www.egemtv.com\/index.php?rest_route=\/wp\/v2\/types\/post"}],"author":[{"embeddable":true,"href":"https:\/\/www.egemtv.com\/index.php?rest_route=\/wp\/v2\/users\/1"}],"replies":[{"embeddable":true,"href":"https:\/\/www.egemtv.com\/index.php?rest_route=%2Fwp%2Fv2%2Fcomments&post=74506"}],"version-history":[{"count":1,"href":"https:\/\/www.egemtv.com\/index.php?rest_route=\/wp\/v2\/posts\/74506\/revisions"}],"predecessor-version":[{"id":74508,"href":"https:\/\/www.egemtv.com\/index.php?rest_route=\/wp\/v2\/posts\/74506\/revisions\/74508"}],"wp:featuredmedia":[{"embeddable":true,"href":"https:\/\/www.egemtv.com\/index.php?rest_route=\/wp\/v2\/media\/74507"}],"wp:attachment":[{"href":"https:\/\/www.egemtv.com\/index.php?rest_route=%2Fwp%2Fv2%2Fmedia&parent=74506"}],"wp:term":[{"taxonomy":"category","embeddable":true,"href":"https:\/\/www.egemtv.com\/index.php?rest_route=%2Fwp%2Fv2%2Fcategories&post=74506"},{"taxonomy":"post_tag","embeddable":true,"href":"https:\/\/www.egemtv.com\/index.php?rest_route=%2Fwp%2Fv2%2Ftags&post=74506"}],"curies":[{"name":"wp","href":"https:\/\/api.w.org\/{rel}","templated":true}]}}