{"id":74503,"date":"2025-12-16T11:54:43","date_gmt":"2025-12-16T08:54:43","guid":{"rendered":"https:\/\/www.egemtv.com\/?p=74503"},"modified":"2025-12-16T11:54:43","modified_gmt":"2025-12-16T08:54:43","slug":"asli-bas-davasi-4-hazirana-ertelendi","status":"publish","type":"post","link":"https:\/\/www.egemtv.com\/?p=74503","title":{"rendered":"\u2018Asl\u0131 Ba\u015f\u2019 davas\u0131 4 Haziran\u2019a ertelendi"},"content":{"rendered":"<p>2003 T\u00fcrkiye Mankenler Krali\u00e7esi Asl\u0131 Ba\u015f\u2019\u0131n Bodrum\u2019da \u015f\u00fcpheli \u00f6l\u00fcm\u00fcne ili\u015fkin Yarg\u0131tay\u2019\u0131n bozma karar\u0131n\u0131n ard\u0131ndan g\u00f6r\u00fclen ilk duru\u015fmada, Asl\u0131 Ba\u015f\u2019\u0131n cep telefonundaki silinen mesajlar\u0131n geri getirilerek incelemesi i\u00e7in telefonun \u0130stanbul\u2019a g\u00f6nderildi\u011fi belirtildi. Dava 4 Haziran 2026\u2019ya ertelendi.<br \/>\n<br \/>2003 T\u00fcrkiye Mankenler Krali\u00e7esi Asl\u0131 Ba\u015f\u2019\u0131n, 21 Temmuz 2010 tarihinde Mu\u011fla\u2019n\u0131n Bodrum il\u00e7esi Yal\u0131kavak Mahallesi\u2019nde i\u015f insan\u0131 Ahmet Bayer\u2019e ait villada 6,5 metrelik terastan d\u00fc\u015ferek ya\u015fam\u0131n\u0131 yitirmesine ili\u015fkin duru\u015fma Mu\u011fla 1. A\u011f\u0131r Ceza Mahkemesi\u2019nde g\u00f6r\u00fcld\u00fc. Yarg\u0131tay 1. Ceza Dairesi\u2019nin 5 A\u011fustos\u2019ta beraat karar\u0131n\u0131 bozmas\u0131n\u0131n ard\u0131ndan yeniden ele al\u0131nan dosyada san\u0131klar ve taraflar bir kez daha hakim kar\u015f\u0131s\u0131na \u00e7\u0131kt\u0131.<br \/>\n<br \/>Duru\u015fmaya Asl\u0131 Ba\u015f\u2019\u0131n babas\u0131 Mehmet ve Anne M\u00fcesser Ba\u015f, san\u0131klardan Ahmet Bayer\u2019in o\u011flu Hakan Sadi Bayer kat\u0131l\u0131rken, di\u011fer san\u0131k Volkan Bayer SEGB\u0130S arac\u0131l\u0131\u011f\u0131 ile duru\u015fmaya kat\u0131ld\u0131. Duru\u015fmada Asl\u0131 Ba\u015f ailesinin avukat\u0131 Fahri Safa K\u00fcp\u00e7\u00fc, daha \u00f6nce de talep ettikleri \u00fczere cep telefonu verilerinin ayr\u0131nt\u0131l\u0131 \u015fekilde incelenmesi talebini yineledi. Asl\u0131 Ba\u015f\u2019\u0131n babas\u0131 Mehmet Yavuz Ba\u015f, mahkemede yapt\u0131\u011f\u0131 konu\u015fmada, &#8220;Adil bir yarg\u0131lama istiyorum. Haks\u0131zl\u0131klara u\u011frad\u0131k&#8221; dedi. Anne M\u00fcesser Ba\u015f ise, &#8220;15 senedir m\u00fccadele veriyoruz. K\u0131z\u0131m\u0131z geri gelmeyecek ama cezalar\u0131n\u0131 almalar\u0131n\u0131 istiyoruz&#8221; ifadelerini kulland\u0131.<br \/>\n<br \/>San\u0131klardan Volkan Bayer duru\u015fmaya SEGB\u0130S arac\u0131l\u0131\u011f\u0131yla kat\u0131l\u0131rken, Hakan Sadi Bayer duru\u015fma salonunda haz\u0131r bulundu. Asl\u0131 Ba\u015f\u2019\u0131n babas\u0131 Mehmet Yavuz Ba\u015f\u2019\u0131n, Hakan Sadi Bayer\u2019e y\u00f6nelik &#8220;Hi\u00e7 mi vicdan yok, can\u0131m\u0131z\u0131 yakt\u0131n&#8221; \u015feklindeki s\u00f6zleri \u00fczerine duru\u015fma salonunda k\u0131sa s\u00fcreli gerginlik ya\u015fand\u0131.<br \/>\n<br \/>Mahkeme heyeti, cep telefonu incelemesine ili\u015fkin olarak cihaz\u0131n \u0130stanbul\u2019a g\u00f6nderildi\u011fini, buradan gelecek bilirki\u015fi raporunun beklenece\u011fini a\u00e7\u0131klad\u0131. Mahkeme karar\u0131nda; SEGB\u0130S d\u00f6k\u00fcmlerinin incelenmesine, di\u011fer tan\u0131klar\u0131n dinlenmesi y\u00f6n\u00fcndeki talebin reddine, davan\u0131n 4 Haziran 2026 tarihine ertelenmesine h\u00fckmedildi.<\/p>\n<p>Babadan tepki<br \/>\n<br \/>Duru\u015fma sonras\u0131 konu\u015fan baba Mehmet Yavuz Ba\u015f ise tepkisini \u015fu s\u00f6zlerle dile getirdi:<br \/>\n<br \/>&#8220;B\u00f6yle bir adalet olamaz. Bu yarg\u0131 sisteminde, davam\u0131zda t\u00fcrl\u00fc tiyatrolar, t\u00fcrl\u00fc oyunlar, yani inan\u0131r m\u0131s\u0131n\u0131z, neden bu kadar s\u00fcr\u00fcyor? Yani olay yerinde MOBESE kameralar s\u00f6k\u00fcl\u00fcyor, tekniker aran\u0131yor ve bu kald\u0131r\u0131l\u0131yor. Bir deliller s\u00fcr\u00fc delil kald\u0131r\u0131yorlar. E\u011fer bu kadar delil kald\u0131r\u0131lm\u0131\u015fsa, adalet bunun neden yani? Bunlar neden serbest geziyorlar? Bunlar oldu\u011fu gibi Yarg\u0131tay\u2019da eksikliklerini ortaya koydu. Bunlar nas\u0131l bir serbest gezebiliyorlar? Bu davadaki bu adaletsizlik art\u0131k bizim can\u0131m\u0131za yetti. Ayn\u0131 masa ol, herkes ayn\u0131 ifadeyi versin. Bilim kurgu gibi bunlar olay\u0131 kurguluyorlar. Biz adalet istiyoruz. Biz adil yarg\u0131 istiyoruz. Bizim kimseyle bir \u015feyimiz yok. Benim \u00e7ocu\u011fumun kan\u0131 yerde kalmas\u0131n. Hak yerini bulsun&#8221; dedi.<\/p>\n<p>Avukattan duru\u015fma sonras\u0131 a\u00e7\u0131klama<br \/>\n<br \/>Duru\u015fma sonras\u0131 a\u00e7\u0131klama yapan Asl\u0131 Ba\u015f ailesinin avukat\u0131 Fahri Safa K\u00fcp\u00e7\u00fc, \u015funlar\u0131 s\u00f6yledi:<br \/>\n<br \/>&#8220;Bozma sonras\u0131 ilk duru\u015fma yap\u0131ld\u0131. Mahkeme bozma ilam\u0131na uyulmas\u0131 y\u00f6n\u00fcnde karar\u0131n\u0131 yineledi. Eksik hususlar vard\u0131. Eksik hususlar, tan\u0131klar\u0131n dinlenmesiydi. \u0130ki tan\u0131k arada dinlendi. Bir tan\u0131k \u015fu an halen aran\u0131yor. Aranan tan\u0131k, olay\u0131n oldu\u011fu g\u00fcn g\u00fcvenlik \u015firketi aran\u0131yor ve bir tak\u0131m talepler de bulunuyor anlad\u0131\u011f\u0131m\u0131z kadar\u0131yla, kamera kay\u0131tlar\u0131 ile alakal\u0131. Bunun ortaya \u00e7\u0131kmas\u0131 laz\u0131m, bunun netle\u015ftirilmesi laz\u0131m. Bunun i\u00e7in o tan\u0131k halen aran\u0131yor. Onun ifadesi bekleniyor. \u0130kinci husus, Asl\u0131 Ba\u015f\u2019\u0131n telefonunda silinen mesajlar vard\u0131. Bu silinen mesajlar\u0131n ortaya \u00e7\u0131kmas\u0131 gerekiyordu. Buradaki uzman bilirki\u015filerin alt\u0131ndan kalkamad\u0131\u011f\u0131 bir husus olmu\u015f. Telefon \u015fu an \u0130stanbul\u2019a g\u00f6nderildi, g\u00f6nderilmi\u015f arada. Oradan biz geri d\u00f6n\u00fc\u015f beklenece\u011fiz. Duru\u015fma 4 Haziran 2026\u2019ya ertelendi&#8221; dedi.<\/p>\n<p>Ne olmu\u015ftu<br \/>\n<br \/>2003 y\u0131l\u0131nda d\u00fczenlenen Miss Model Of Turkey yar\u0131\u015fmas\u0131nda birinci olan Asl\u0131 Ba\u015f, 21 Temmuz 2010\u2019da Bodrum Yal\u0131kavak\u2019taki Club Flipper Tatil K\u00f6y\u00fc i\u00e7erisindeki bir villan\u0131n 6,5 metre y\u00fcksekli\u011findeki balkonundan d\u00fc\u015ferek ya\u015fam\u0131n\u0131 yitirmi\u015fti. Olay s\u0131ras\u0131nda villada bulunan ve vurgun sonras\u0131 tekerlekli sandalyeye mahk\u00fbm olan turizmci Ahmet Bayer ile o\u011fullar\u0131 Hakan Sadi ve Volkan Bayer hakk\u0131nda y\u00fcr\u00fct\u00fclen soru\u015fturma kapsam\u0131nda a\u011f\u0131r su\u00e7lamalar y\u00f6neltilmi\u015fti.<br \/>\n<br \/>Soru\u015fturma sonunda Ahmet Bayer hakk\u0131nda &#8220;nitelikli kasten \u00f6ld\u00fcrmeye azmettirme&#8221;, o\u011fullar\u0131 hakk\u0131nda ise &#8220;nitelikli kasten \u00f6ld\u00fcrme&#8221; su\u00e7undan \u00f6m\u00fcr boyu hapis istemiyle dava a\u00e7\u0131lm\u0131\u015ft\u0131. Yarg\u0131lama s\u00fcrecinde tutuklanan san\u0131klar, ilerleyen y\u0131llarda tahliye edilmi\u015fti.<br \/>\n<br \/>Yakla\u015f\u0131k 9,5 y\u0131l s\u00fcren dava s\u00fcrecinde 3 savc\u0131 ve 3 mahkeme ba\u015fkan\u0131n\u0131n de\u011fi\u015fti\u011fi dosyada; Mu\u011fla 1. A\u011f\u0131r Ceza Mahkemesi, 15 Ocak 2020 tarihinde aralar\u0131nda i\u015f insan\u0131 Ahmet Bayer, o\u011fullar\u0131 Volkan ve Hakan Bayer ile di\u011fer san\u0131klar\u0131n da bulundu\u011fu davada, y\u00fcklenen su\u00e7lar\u0131n san\u0131klar taraf\u0131ndan i\u015flendi\u011finin sabit olmamas\u0131 gerek\u00e7esiyle t\u00fcm san\u0131klar\u0131n beraatine karar vermi\u015fti. Dosya, Asl\u0131 Ba\u015f ailesinin itiraz\u0131 \u00fczerine Yarg\u0131tay\u2019a ta\u015f\u0131nm\u0131\u015ft\u0131.<\/p>\n<p>Yarg\u0131tay 5 A\u011fustos\u2019ta beraat karar\u0131n\u0131 bozmu\u015ftu<br \/>\n<br \/>Yarg\u0131tay 1. Ceza Dairesi, 5 A\u011fustos tarihinde, yerel mahkemenin beraat karar\u0131n\u0131 eksik soru\u015fturma gerek\u00e7esiyle bozdu. Bozma karar\u0131nda; olay gecesi Asl\u0131 Ba\u015f\u2019\u0131n Ahmet Derya Bayer\u2019e g\u00f6nderdi\u011fi mesaj i\u00e7eriklerinin detayl\u0131 \u015fekilde ara\u015ft\u0131r\u0131lmamas\u0131, olay s\u0131ras\u0131nda evde bulunan ve daha \u00f6nce dinlenmeyen tan\u0131klar\u0131n ifadelerine ba\u015fvurulmamas\u0131 ve g\u00fcvenlik kameralar\u0131na ili\u015fkin iddialar\u0131n yeterince incelenmemesi gerekti\u011fi vurgulanm\u0131\u015ft\u0131.<br \/><\/p>\n","protected":false},"excerpt":{"rendered":"<p>2003 T\u00fcrkiye Mankenler Krali\u00e7esi Asl\u0131 Ba\u015f\u2019\u0131n Bodrum\u2019da \u015f\u00fcpheli \u00f6l\u00fcm\u00fcne ili\u015fkin Yarg\u0131tay\u2019\u0131n bozma karar\u0131n\u0131n ard\u0131ndan g\u00f6r\u00fclen ilk duru\u015fmada, Asl\u0131 Ba\u015f\u2019\u0131n cep telefonundaki silinen mesajlar\u0131n geri getirilerek incelemesi i\u00e7in telefonun \u0130stanbul\u2019a g\u00f6nderildi\u011fi belirtildi. Dava 4 Haziran 2026\u2019ya ertelendi. 2003 T\u00fcrkiye Mankenler Krali\u00e7esi Asl\u0131 Ba\u015f\u2019\u0131n, 21 Temmuz 2010 tarihinde Mu\u011fla\u2019n\u0131n Bodrum il\u00e7esi Yal\u0131kavak Mahallesi\u2019nde i\u015f insan\u0131 Ahmet Bayer\u2019e&#8230;<\/p>\n","protected":false},"author":1,"featured_media":74504,"comment_status":"open","ping_status":"open","sticky":false,"template":"","format":"standard","meta":{"_crdt_document":"","footnotes":""},"categories":[5],"tags":[],"class_list":["post-74503","post","type-post","status-publish","format-standard","has-post-thumbnail","hentry","category-asayis"],"_links":{"self":[{"href":"https:\/\/www.egemtv.com\/index.php?rest_route=\/wp\/v2\/posts\/74503","targetHints":{"allow":["GET"]}}],"collection":[{"href":"https:\/\/www.egemtv.com\/index.php?rest_route=\/wp\/v2\/posts"}],"about":[{"href":"https:\/\/www.egemtv.com\/index.php?rest_route=\/wp\/v2\/types\/post"}],"author":[{"embeddable":true,"href":"https:\/\/www.egemtv.com\/index.php?rest_route=\/wp\/v2\/users\/1"}],"replies":[{"embeddable":true,"href":"https:\/\/www.egemtv.com\/index.php?rest_route=%2Fwp%2Fv2%2Fcomments&post=74503"}],"version-history":[{"count":1,"href":"https:\/\/www.egemtv.com\/index.php?rest_route=\/wp\/v2\/posts\/74503\/revisions"}],"predecessor-version":[{"id":74505,"href":"https:\/\/www.egemtv.com\/index.php?rest_route=\/wp\/v2\/posts\/74503\/revisions\/74505"}],"wp:featuredmedia":[{"embeddable":true,"href":"https:\/\/www.egemtv.com\/index.php?rest_route=\/wp\/v2\/media\/74504"}],"wp:attachment":[{"href":"https:\/\/www.egemtv.com\/index.php?rest_route=%2Fwp%2Fv2%2Fmedia&parent=74503"}],"wp:term":[{"taxonomy":"category","embeddable":true,"href":"https:\/\/www.egemtv.com\/index.php?rest_route=%2Fwp%2Fv2%2Fcategories&post=74503"},{"taxonomy":"post_tag","embeddable":true,"href":"https:\/\/www.egemtv.com\/index.php?rest_route=%2Fwp%2Fv2%2Ftags&post=74503"}],"curies":[{"name":"wp","href":"https:\/\/api.w.org\/{rel}","templated":true}]}}