{"id":74500,"date":"2025-12-16T11:34:43","date_gmt":"2025-12-16T08:34:43","guid":{"rendered":"https:\/\/www.egemtv.com\/?p=74500"},"modified":"2025-12-16T11:34:44","modified_gmt":"2025-12-16T08:34:44","slug":"aydin-buyuksehir-belediyesi-yol-yapim-ve-yenileme-calismalarini-surduruyor","status":"publish","type":"post","link":"https:\/\/www.egemtv.com\/?p=74500","title":{"rendered":"Ayd\u0131n B\u00fcy\u00fck\u015fehir Belediyesi yol yap\u0131m ve yenileme \u00e7al\u0131\u015fmalar\u0131n\u0131 s\u00fcrd\u00fcr\u00fcyor"},"content":{"rendered":"<p>Ayd\u0131n B\u00fcy\u00fck\u015fehir Belediyesi, kent genelinde e\u015f zamanl\u0131 olarak s\u00fcrd\u00fcr\u00fclen yol yap\u0131m ve yenileme \u00e7al\u0131\u015fmalar\u0131na devam ediyor.<\/p>\n<p>Ayd\u0131n B\u00fcy\u00fck\u015fehir Belediyesi Fen \u0130\u015fleri Dairesi Ba\u015fkanl\u0131\u011f\u0131 Yol Yap\u0131m ve Bak\u0131m \u015eube M\u00fcd\u00fcrl\u00fc\u011f\u00fc ekipleri, S\u00f6ke il\u00e7esi Cumhuriyet Caddesi\u2019nde ger\u00e7ekle\u015ftirilen yenileme ve kald\u0131r\u0131m imalat\u0131 \u00e7al\u0131\u015fmalar\u0131n\u0131n ard\u0131ndan logo, yol \u00e7izgileme ve yaya ge\u00e7idi uygulamalar\u0131n\u0131 tamamlad\u0131. \u0130l\u00e7enin \u00f6nemli ula\u015f\u0131m akslar\u0131ndan biri olan cadde, yenilenmi\u015f hali ile S\u00f6keli vatanda\u015flar\u0131n hizmetine sunuldu. Vatanda\u015flar, planl\u0131 ve h\u0131zl\u0131 bir \u015fekilde ger\u00e7ekle\u015ftirilen \u00e7al\u0131\u015fmalar nedeniyle Ayd\u0131n B\u00fcy\u00fck\u015fehir Belediye Ba\u015fkan\u0131 \u00d6zlem \u00c7er\u00e7io\u011flu\u2019na te\u015fekk\u00fcr etti.<\/p>\n<p>Ayd\u0131n\u2019\u0131n t\u00fcm il\u00e7elerinde yol yap\u0131m ve yenileme \u00e7al\u0131\u015fmalar\u0131n\u0131n devam edece\u011fini belirten Ba\u015fkan \u00c7er\u00e7io\u011flu, &#8220;17 il\u00e7emizin tamam\u0131nda \u00e7al\u0131\u015fmalar\u0131m\u0131za devam ediyoruz. G\u00fczel Ayd\u0131n\u0131m\u0131z i\u00e7in \u00e7al\u0131\u015f\u0131yor, hizmetlerimizi vatanda\u015flar\u0131m\u0131z ile bulu\u015fturuyoruz. Vatanda\u015flar\u0131m\u0131z\u0131n daha konforlu, g\u00fcvenli ve modern yollara sahip olmas\u0131 i\u00e7in yat\u0131r\u0131mlar\u0131m\u0131za devam edece\u011fiz&#8221; ifadelerini kulland\u0131.<br \/><\/p>\n","protected":false},"excerpt":{"rendered":"<p>Ayd\u0131n B\u00fcy\u00fck\u015fehir Belediyesi, kent genelinde e\u015f zamanl\u0131 olarak s\u00fcrd\u00fcr\u00fclen yol yap\u0131m ve yenileme \u00e7al\u0131\u015fmalar\u0131na devam ediyor. Ayd\u0131n B\u00fcy\u00fck\u015fehir Belediyesi Fen \u0130\u015fleri Dairesi Ba\u015fkanl\u0131\u011f\u0131 Yol Yap\u0131m ve Bak\u0131m \u015eube M\u00fcd\u00fcrl\u00fc\u011f\u00fc ekipleri, S\u00f6ke il\u00e7esi Cumhuriyet Caddesi\u2019nde ger\u00e7ekle\u015ftirilen yenileme ve kald\u0131r\u0131m imalat\u0131 \u00e7al\u0131\u015fmalar\u0131n\u0131n ard\u0131ndan logo, yol \u00e7izgileme ve yaya ge\u00e7idi uygulamalar\u0131n\u0131 tamamlad\u0131. \u0130l\u00e7enin \u00f6nemli ula\u015f\u0131m akslar\u0131ndan biri olan&#8230;<\/p>\n","protected":false},"author":1,"featured_media":74501,"comment_status":"open","ping_status":"open","sticky":false,"template":"","format":"standard","meta":{"_crdt_document":"","footnotes":""},"categories":[1],"tags":[],"class_list":["post-74500","post","type-post","status-publish","format-standard","has-post-thumbnail","hentry","category-guncel"],"_links":{"self":[{"href":"https:\/\/www.egemtv.com\/index.php?rest_route=\/wp\/v2\/posts\/74500","targetHints":{"allow":["GET"]}}],"collection":[{"href":"https:\/\/www.egemtv.com\/index.php?rest_route=\/wp\/v2\/posts"}],"about":[{"href":"https:\/\/www.egemtv.com\/index.php?rest_route=\/wp\/v2\/types\/post"}],"author":[{"embeddable":true,"href":"https:\/\/www.egemtv.com\/index.php?rest_route=\/wp\/v2\/users\/1"}],"replies":[{"embeddable":true,"href":"https:\/\/www.egemtv.com\/index.php?rest_route=%2Fwp%2Fv2%2Fcomments&post=74500"}],"version-history":[{"count":1,"href":"https:\/\/www.egemtv.com\/index.php?rest_route=\/wp\/v2\/posts\/74500\/revisions"}],"predecessor-version":[{"id":74502,"href":"https:\/\/www.egemtv.com\/index.php?rest_route=\/wp\/v2\/posts\/74500\/revisions\/74502"}],"wp:featuredmedia":[{"embeddable":true,"href":"https:\/\/www.egemtv.com\/index.php?rest_route=\/wp\/v2\/media\/74501"}],"wp:attachment":[{"href":"https:\/\/www.egemtv.com\/index.php?rest_route=%2Fwp%2Fv2%2Fmedia&parent=74500"}],"wp:term":[{"taxonomy":"category","embeddable":true,"href":"https:\/\/www.egemtv.com\/index.php?rest_route=%2Fwp%2Fv2%2Fcategories&post=74500"},{"taxonomy":"post_tag","embeddable":true,"href":"https:\/\/www.egemtv.com\/index.php?rest_route=%2Fwp%2Fv2%2Ftags&post=74500"}],"curies":[{"name":"wp","href":"https:\/\/api.w.org\/{rel}","templated":true}]}}