{"id":7450,"date":"2025-01-13T10:37:51","date_gmt":"2025-01-13T07:37:51","guid":{"rendered":"https:\/\/www.egemtv.com\/?p=7450"},"modified":"2025-01-13T10:37:52","modified_gmt":"2025-01-13T07:37:52","slug":"usak-belediyesi-51-adet-ticari-taksi-plakasi-ihaleye-aciliyor","status":"publish","type":"post","link":"https:\/\/www.egemtv.com\/?p=7450","title":{"rendered":"U\u015fak Belediyesi 51 adet ticari taksi plakas\u0131 ihaleye a\u00e7\u0131l\u0131yor"},"content":{"rendered":"<p>U\u015fak Belediyesi 15 Ocak g\u00fcn\u00fc 51 adet ticari taksi plakas\u0131n\u0131n a\u00e7\u0131k art\u0131rmayla 10 y\u0131ll\u0131k kiralanaca\u011f\u0131n\u0131 duyurdu.<br \/>\n<br \/>U\u015fak Belediyesi yapm\u0131\u015f oldu\u011fu duyuruda 15 Ocak \u00c7ar\u015famba g\u00fcn\u00fc 51 adet ticari taksi plakas\u0131n\u0131n a\u00e7\u0131k art\u0131rma teklifi usul\u00fc ile 10 y\u0131ll\u0131\u011f\u0131na kiralanaca\u011f\u0131n\u0131 duyurdu. Yap\u0131lan payla\u015f\u0131mda ise; \u201cU\u015fak il merkezinde faaliyet g\u00f6stermek \u00fczere 51 adet ticari taksi plakas\u0131 2886 Say\u0131l\u0131 Devlet \u0130hale Kanunu\u2019nun 45\u2019inci maddesine istinaden a\u00e7\u0131k teklif usul\u00fc ile 10 y\u0131l s\u00fcreli\u011fine kiral\u0131k edilecektir.\u201d ifadeleri kullan\u0131ld\u0131.<br \/><\/p>\n","protected":false},"excerpt":{"rendered":"<p>U\u015fak Belediyesi 15 Ocak g\u00fcn\u00fc 51 adet ticari taksi plakas\u0131n\u0131n a\u00e7\u0131k art\u0131rmayla 10 y\u0131ll\u0131k kiralanaca\u011f\u0131n\u0131 duyurdu. U\u015fak Belediyesi yapm\u0131\u015f oldu\u011fu duyuruda 15 Ocak \u00c7ar\u015famba g\u00fcn\u00fc 51 adet ticari taksi plakas\u0131n\u0131n a\u00e7\u0131k art\u0131rma teklifi usul\u00fc ile 10 y\u0131ll\u0131\u011f\u0131na kiralanaca\u011f\u0131n\u0131 duyurdu. Yap\u0131lan payla\u015f\u0131mda ise; \u201cU\u015fak il merkezinde faaliyet g\u00f6stermek \u00fczere 51 adet ticari taksi plakas\u0131 2886 Say\u0131l\u0131&#8230;<\/p>\n","protected":false},"author":1,"featured_media":7451,"comment_status":"open","ping_status":"open","sticky":false,"template":"","format":"standard","meta":{"_crdt_document":"","footnotes":""},"categories":[125],"tags":[],"class_list":["post-7450","post","type-post","status-publish","format-standard","has-post-thumbnail","hentry","category-ekonomi"],"_links":{"self":[{"href":"https:\/\/www.egemtv.com\/index.php?rest_route=\/wp\/v2\/posts\/7450","targetHints":{"allow":["GET"]}}],"collection":[{"href":"https:\/\/www.egemtv.com\/index.php?rest_route=\/wp\/v2\/posts"}],"about":[{"href":"https:\/\/www.egemtv.com\/index.php?rest_route=\/wp\/v2\/types\/post"}],"author":[{"embeddable":true,"href":"https:\/\/www.egemtv.com\/index.php?rest_route=\/wp\/v2\/users\/1"}],"replies":[{"embeddable":true,"href":"https:\/\/www.egemtv.com\/index.php?rest_route=%2Fwp%2Fv2%2Fcomments&post=7450"}],"version-history":[{"count":1,"href":"https:\/\/www.egemtv.com\/index.php?rest_route=\/wp\/v2\/posts\/7450\/revisions"}],"predecessor-version":[{"id":7452,"href":"https:\/\/www.egemtv.com\/index.php?rest_route=\/wp\/v2\/posts\/7450\/revisions\/7452"}],"wp:featuredmedia":[{"embeddable":true,"href":"https:\/\/www.egemtv.com\/index.php?rest_route=\/wp\/v2\/media\/7451"}],"wp:attachment":[{"href":"https:\/\/www.egemtv.com\/index.php?rest_route=%2Fwp%2Fv2%2Fmedia&parent=7450"}],"wp:term":[{"taxonomy":"category","embeddable":true,"href":"https:\/\/www.egemtv.com\/index.php?rest_route=%2Fwp%2Fv2%2Fcategories&post=7450"},{"taxonomy":"post_tag","embeddable":true,"href":"https:\/\/www.egemtv.com\/index.php?rest_route=%2Fwp%2Fv2%2Ftags&post=7450"}],"curies":[{"name":"wp","href":"https:\/\/api.w.org\/{rel}","templated":true}]}}