{"id":74497,"date":"2025-12-16T11:34:42","date_gmt":"2025-12-16T08:34:42","guid":{"rendered":"https:\/\/www.egemtv.com\/?p=74497"},"modified":"2025-12-16T11:34:43","modified_gmt":"2025-12-16T08:34:43","slug":"tirin-bir-baska-tira-arakadan-carptigi-kazada-faciadan-donuldu","status":"publish","type":"post","link":"https:\/\/www.egemtv.com\/?p=74497","title":{"rendered":"T\u0131r\u0131n bir ba\u015fka t\u0131ra arakadan \u00e7arpt\u0131\u011f\u0131 kazada faciadan d\u00f6n\u00fcld\u00fc"},"content":{"rendered":"<p>Afyonkarahisar\u2019da meydana gelen trafik kazas\u0131nda kontrolden \u00e7\u0131kan t\u0131r bir ba\u015fka t\u0131r\u0131n dorsesine \u00e7arparken, kaza esnas\u0131nda yolun bo\u015f olmas\u0131 ya\u015fanabilecek bir facian\u0131n \u00f6n\u00fcne ge\u00e7ti.<br \/>\n<br \/>Kaza, \u015euhut il\u00e7esine ba\u011fl\u0131 Mahmut k\u00f6y\u00fc yak\u0131nlar\u0131nda meydana geldi. Edinilen bilgilere g\u00f6re, Mahmut k\u00f6y\u00fc istikametinden \u015euhut il\u00e7e merkezi y\u00f6n\u00fcne seyir halinde olan, H.A. idaresindeki 63 AKH 552 plakal\u0131 t\u0131r s\u00fcr\u00fcc\u00fcs\u00fcn\u00fcn direksiyon h\u00e2kimiyetini kaybetmesi sonucu \u00f6n\u00fcndeki bir ba\u015fka t\u0131ra \u00e7arpt\u0131.<br \/>\n<br \/>Meydana gelen kazada t\u0131r s\u00fcr\u00fcc\u00fcs\u00fc H.A. yaraland\u0131. Kazay\u0131 g\u00f6ren \u00e7evredeki vatanda\u015flar\u0131n ihbar\u0131 \u00fczerine olay yerine sa\u011fl\u0131k ve polis ekipleri sevk edildi. Sa\u011fl\u0131k ekipleri taraf\u0131ndan ilk m\u00fcdahalesi olay yerinde yap\u0131lan yaral\u0131, daha sonra hastaneye kald\u0131r\u0131larak tedavi alt\u0131na al\u0131nd\u0131.<br \/>\n<br \/>Kaza esnas\u0131nda yolun bo\u015f olmas\u0131 ya\u015fanabilecek bir facian\u0131n \u00f6n\u00fcne ge\u00e7erken, kazan\u0131n ard\u0131ndan polis taraf\u0131ndan inceleme ba\u015flat\u0131ld\u0131.<br \/><\/p>\n","protected":false},"excerpt":{"rendered":"<p>Afyonkarahisar\u2019da meydana gelen trafik kazas\u0131nda kontrolden \u00e7\u0131kan t\u0131r bir ba\u015fka t\u0131r\u0131n dorsesine \u00e7arparken, kaza esnas\u0131nda yolun bo\u015f olmas\u0131 ya\u015fanabilecek bir facian\u0131n \u00f6n\u00fcne ge\u00e7ti. Kaza, \u015euhut il\u00e7esine ba\u011fl\u0131 Mahmut k\u00f6y\u00fc yak\u0131nlar\u0131nda meydana geldi. Edinilen bilgilere g\u00f6re, Mahmut k\u00f6y\u00fc istikametinden \u015euhut il\u00e7e merkezi y\u00f6n\u00fcne seyir halinde olan, H.A. idaresindeki 63 AKH 552 plakal\u0131 t\u0131r s\u00fcr\u00fcc\u00fcs\u00fcn\u00fcn direksiyon h\u00e2kimiyetini&#8230;<\/p>\n","protected":false},"author":1,"featured_media":74498,"comment_status":"open","ping_status":"open","sticky":false,"template":"","format":"standard","meta":{"_crdt_document":"","footnotes":""},"categories":[5],"tags":[],"class_list":["post-74497","post","type-post","status-publish","format-standard","has-post-thumbnail","hentry","category-asayis"],"_links":{"self":[{"href":"https:\/\/www.egemtv.com\/index.php?rest_route=\/wp\/v2\/posts\/74497","targetHints":{"allow":["GET"]}}],"collection":[{"href":"https:\/\/www.egemtv.com\/index.php?rest_route=\/wp\/v2\/posts"}],"about":[{"href":"https:\/\/www.egemtv.com\/index.php?rest_route=\/wp\/v2\/types\/post"}],"author":[{"embeddable":true,"href":"https:\/\/www.egemtv.com\/index.php?rest_route=\/wp\/v2\/users\/1"}],"replies":[{"embeddable":true,"href":"https:\/\/www.egemtv.com\/index.php?rest_route=%2Fwp%2Fv2%2Fcomments&post=74497"}],"version-history":[{"count":1,"href":"https:\/\/www.egemtv.com\/index.php?rest_route=\/wp\/v2\/posts\/74497\/revisions"}],"predecessor-version":[{"id":74499,"href":"https:\/\/www.egemtv.com\/index.php?rest_route=\/wp\/v2\/posts\/74497\/revisions\/74499"}],"wp:featuredmedia":[{"embeddable":true,"href":"https:\/\/www.egemtv.com\/index.php?rest_route=\/wp\/v2\/media\/74498"}],"wp:attachment":[{"href":"https:\/\/www.egemtv.com\/index.php?rest_route=%2Fwp%2Fv2%2Fmedia&parent=74497"}],"wp:term":[{"taxonomy":"category","embeddable":true,"href":"https:\/\/www.egemtv.com\/index.php?rest_route=%2Fwp%2Fv2%2Fcategories&post=74497"},{"taxonomy":"post_tag","embeddable":true,"href":"https:\/\/www.egemtv.com\/index.php?rest_route=%2Fwp%2Fv2%2Ftags&post=74497"}],"curies":[{"name":"wp","href":"https:\/\/api.w.org\/{rel}","templated":true}]}}