{"id":74494,"date":"2025-12-16T11:34:41","date_gmt":"2025-12-16T08:34:41","guid":{"rendered":"https:\/\/www.egemtv.com\/?p=74494"},"modified":"2025-12-16T11:34:42","modified_gmt":"2025-12-16T08:34:42","slug":"pasa-camii-restorasyonu-icin-protokol-imzalandi","status":"publish","type":"post","link":"https:\/\/www.egemtv.com\/?p=74494","title":{"rendered":"Pa\u015fa Camii restorasyonu i\u00e7in protokol imzaland\u0131"},"content":{"rendered":"<p>Akhisar\u2019\u0131n tarihi ve dini simgelerinden Pa\u015fa Camii\u2019nin restorasyonu i\u00e7in Akhisar Kaymakaml\u0131\u011f\u0131, \u0130zmir Vak\u0131flar B\u00f6lge M\u00fcd\u00fcrl\u00fc\u011f\u00fc, Akhisar M\u00fcft\u00fcl\u00fc\u011f\u00fc ve Pa\u015fa Camii Ya\u015fatma Derne\u011fi aras\u0131nda protokol imzaland\u0131.<br \/>\n<br \/>Akhisar\u2019\u0131n en \u00f6nemli tarihi ve dini yap\u0131lar\u0131ndan biri olan Pa\u015fa Camii\u2019nin restorasyon s\u00fcreci resmen ba\u015fl\u0131yor. Ya\u015fanan depremler nedeniyle hasar alarak ibadete kapat\u0131lan caminin onar\u0131m\u0131 i\u00e7in gerekli protokol, Akhisar Kaymakam\u0131 Mustafa Can\u2019\u0131n kat\u0131l\u0131m\u0131yla imzaland\u0131.<br \/>\n<br \/>Akhisar Kaymakaml\u0131\u011f\u0131, \u0130zmir Vak\u0131flar B\u00f6lge M\u00fcd\u00fcrl\u00fc\u011f\u00fc, Akhisar M\u00fcft\u00fcl\u00fc\u011f\u00fc ve Pa\u015fa Camii Ya\u015fatma Derne\u011fi aras\u0131nda imzalanan protokol kapsam\u0131nda, Pa\u015fa Camii\u2019nin restorasyon ve onar\u0131m \u00e7al\u0131\u015fmalar\u0131 Pa\u015fa Camii Yapt\u0131rma ve Ya\u015fatma Derne\u011fi taraf\u0131ndan yapt\u0131r\u0131lacak. \u00c7al\u0131\u015fmalar\u0131n kontroll\u00fck i\u015f ve i\u015flemleri ise \u0130zmir Vak\u0131flar B\u00f6lge M\u00fcd\u00fcrl\u00fc\u011f\u00fc taraf\u0131ndan y\u00fcr\u00fct\u00fclecek.<br \/>\n<br \/>Protokol imza t\u00f6renine ayr\u0131ca AK Parti Akhisar \u0130l\u00e7e Ba\u015fkan\u0131 \u0130smail Ahmet S\u00f6zc\u00fcer, Akhisar \u0130l\u00e7e M\u00fcft\u00fcs\u00fc Muhammet Salman ile Pa\u015fa Camii Yapt\u0131rma ve Ya\u015fatma Derne\u011fi Ba\u015fkan\u0131 Ali Doru da kat\u0131ld\u0131.<br \/>\n<br \/>Restorasyonun tamamlanmas\u0131n\u0131n ard\u0131ndan Pa\u015fa Camii\u2019nin, tarihi dokusu korunarak yeniden ibadete a\u00e7\u0131lmas\u0131 hedefleniyor. \u00c7al\u0131\u015fmalarla birlikte Akhisar\u2019\u0131n k\u00fclt\u00fcrel ve dini miras\u0131n\u0131n korunmas\u0131na y\u00f6nelik \u00f6nemli bir ad\u0131m daha at\u0131lm\u0131\u015f olacak.<br \/><\/p>\n","protected":false},"excerpt":{"rendered":"<p>Akhisar\u2019\u0131n tarihi ve dini simgelerinden Pa\u015fa Camii\u2019nin restorasyonu i\u00e7in Akhisar Kaymakaml\u0131\u011f\u0131, \u0130zmir Vak\u0131flar B\u00f6lge M\u00fcd\u00fcrl\u00fc\u011f\u00fc, Akhisar M\u00fcft\u00fcl\u00fc\u011f\u00fc ve Pa\u015fa Camii Ya\u015fatma Derne\u011fi aras\u0131nda protokol imzaland\u0131. Akhisar\u2019\u0131n en \u00f6nemli tarihi ve dini yap\u0131lar\u0131ndan biri olan Pa\u015fa Camii\u2019nin restorasyon s\u00fcreci resmen ba\u015fl\u0131yor. Ya\u015fanan depremler nedeniyle hasar alarak ibadete kapat\u0131lan caminin onar\u0131m\u0131 i\u00e7in gerekli protokol, Akhisar Kaymakam\u0131 Mustafa&#8230;<\/p>\n","protected":false},"author":1,"featured_media":74495,"comment_status":"open","ping_status":"open","sticky":false,"template":"","format":"standard","meta":{"_crdt_document":"","footnotes":""},"categories":[1],"tags":[],"class_list":["post-74494","post","type-post","status-publish","format-standard","has-post-thumbnail","hentry","category-guncel"],"_links":{"self":[{"href":"https:\/\/www.egemtv.com\/index.php?rest_route=\/wp\/v2\/posts\/74494","targetHints":{"allow":["GET"]}}],"collection":[{"href":"https:\/\/www.egemtv.com\/index.php?rest_route=\/wp\/v2\/posts"}],"about":[{"href":"https:\/\/www.egemtv.com\/index.php?rest_route=\/wp\/v2\/types\/post"}],"author":[{"embeddable":true,"href":"https:\/\/www.egemtv.com\/index.php?rest_route=\/wp\/v2\/users\/1"}],"replies":[{"embeddable":true,"href":"https:\/\/www.egemtv.com\/index.php?rest_route=%2Fwp%2Fv2%2Fcomments&post=74494"}],"version-history":[{"count":1,"href":"https:\/\/www.egemtv.com\/index.php?rest_route=\/wp\/v2\/posts\/74494\/revisions"}],"predecessor-version":[{"id":74496,"href":"https:\/\/www.egemtv.com\/index.php?rest_route=\/wp\/v2\/posts\/74494\/revisions\/74496"}],"wp:featuredmedia":[{"embeddable":true,"href":"https:\/\/www.egemtv.com\/index.php?rest_route=\/wp\/v2\/media\/74495"}],"wp:attachment":[{"href":"https:\/\/www.egemtv.com\/index.php?rest_route=%2Fwp%2Fv2%2Fmedia&parent=74494"}],"wp:term":[{"taxonomy":"category","embeddable":true,"href":"https:\/\/www.egemtv.com\/index.php?rest_route=%2Fwp%2Fv2%2Fcategories&post=74494"},{"taxonomy":"post_tag","embeddable":true,"href":"https:\/\/www.egemtv.com\/index.php?rest_route=%2Fwp%2Fv2%2Ftags&post=74494"}],"curies":[{"name":"wp","href":"https:\/\/api.w.org\/{rel}","templated":true}]}}