{"id":74491,"date":"2025-12-16T11:34:40","date_gmt":"2025-12-16T08:34:40","guid":{"rendered":"https:\/\/www.egemtv.com\/?p=74491"},"modified":"2025-12-16T11:34:41","modified_gmt":"2025-12-16T08:34:41","slug":"rektor-prof-dr-ahmet-demir-senato-uyeleriyle-bir-araya-geldi","status":"publish","type":"post","link":"https:\/\/www.egemtv.com\/?p=74491","title":{"rendered":"Rekt\u00f6r Prof. Dr. Ahmet Demir senato \u00fcyeleriyle bir araya geldi"},"content":{"rendered":"<p>U\u015fak \u00dcniversitesi Rekt\u00f6rl\u00fc\u011f\u00fc g\u00f6revine atanan Prof. Dr. Ahmet Demir, Senato Salonu\u2019nda d\u00fczenlenen toplant\u0131yla senato \u00fcyeleriyle bir araya geldi.<\/p>\n<p>U\u015fak \u00dcniversitesi Senato Salonu\u2019nda ger\u00e7ekle\u015fen toplant\u0131ya; U\u015fak \u00dcniversitesi Rekt\u00f6r\u00fc Prof. Dr. Ahmet Demir, Rekt\u00f6r Yard\u0131mc\u0131lar\u0131 Prof. Dr. Kenan Ta\u015f, Prof. Dr. L\u00fctfi \u00d6zav, Prof. Dr. Osman Birgin, fak\u00fclte dekanlar\u0131, meslek y\u00fcksekokulu m\u00fcd\u00fcrleri, \u00f6nceki d\u00f6nem Rekt\u00f6r\u00fc Prof. Dr. Ekrem Sava\u015f ile senato \u00fcyeleri kat\u0131ld\u0131.<br \/>\n<br \/>Toplant\u0131n\u0131n ba\u015f\u0131nda Prof. Dr. Ekrem Sava\u015f, senato \u00fcyelerine veda ederek; &#8220;8 y\u0131ll\u0131k s\u00fcre\u00e7te sizlerle birlikte ba\u015far\u0131l\u0131 \u00e7al\u0131\u015fmalara imza att\u0131k. Yeni rekt\u00f6r\u00fcm\u00fczle birlikte daha da ba\u015far\u0131l\u0131 i\u015fler yapaca\u011f\u0131n\u0131za inan\u0131yorum. \u00c7al\u0131\u015fmalar\u0131n\u0131z i\u00e7in hepinize te\u015fekk\u00fcr ederim.&#8221; dedi.<\/p>\n<p>Senato \u00fcyeleriyle tek tek tan\u0131\u015fan Rekt\u00f6r Prof. Dr. Ahmet Demir, kendisi hakk\u0131nda da k\u0131saca bilgi verdi. U\u015fak \u00dcniversitesini daha \u00fcst s\u0131ralara ta\u015f\u0131mak i\u00e7in hep birlikte \u00e7al\u0131\u015facaklar\u0131n\u0131 vurgulayan Rekt\u00f6r Prof. Dr. Demir, konu\u015fmas\u0131nda \u015fu ifadelere yer verdi: &#8220;\u00dcniversitemiz iyi bir noktaya gelmi\u015ftir; in\u015fallah bundan sonra daha da nitelikli \u00e7al\u0131\u015fmalar yapaca\u011f\u0131z. Bizlerin topluma kar\u015f\u0131 sorumluluklar\u0131 var; g\u00f6revimiz yaln\u0131zca ders vermekle s\u0131n\u0131rl\u0131 de\u011fil. Ara\u015ft\u0131rma ve proje say\u0131m\u0131z\u0131 daha da art\u0131raca\u011f\u0131z. Senato \u00fcyeleri olarak bu s\u00fcrece \u00f6nc\u00fcl\u00fck edece\u011fiz. El birli\u011fiyle \u00fcniversitemize, \u015fehrimize ve \u00fclkemize faydal\u0131 \u00e7al\u0131\u015fmalar ger\u00e7ekle\u015ftirece\u011fiz. U\u015fak ilklerin \u015fehri ise biz de U\u015fak \u00dcniversitesi olarak \u00fcniversite-\u015fehir, \u00fcniversite-sanayi ve toplumsal katk\u0131 i\u00e7in yeni ve faydal\u0131 \u00e7al\u0131\u015fmalar yapmaya devam edece\u011fiz. Fak\u00fcltelerimiz panel, sempozyum, \u00e7al\u0131\u015ftay ve kongre say\u0131s\u0131n\u0131 art\u0131rmal\u0131d\u0131r. M\u00fcmk\u00fcnse her fak\u00fclte y\u0131lda bir kez ulusal, iki y\u0131lda bir uluslararas\u0131 kongre d\u00fczenlemeyi hedeflemelidir. Akademisyenler olarak sorumluluklar\u0131m\u0131z olduk\u00e7a fazlad\u0131r; \u00f6zellikle toplumsal katk\u0131 alan\u0131nda daha etkin ve g\u00f6r\u00fcn\u00fcr \u00e7al\u0131\u015fmalar y\u00fcr\u00fctmemiz gerekmektedir. Bu noktada her birimimize \u00f6nemli g\u00f6revler d\u00fc\u015fmektedir. Gelece\u011fin nereye gitti\u011fini, bizleri nelerin bekledi\u011fini akademisyenler olarak birlikte tart\u0131\u015fmal\u0131, bilgi ve \u00f6ng\u00f6r\u00fclerimizi toplumla payla\u015fmal\u0131y\u0131z.&#8221; dedi.<\/p>\n<p>\u00d6\u011frencilere vizyon kazand\u0131rman\u0131n \u00f6nemine vurgu yapan Rekt\u00f6r Demir; &#8220;U\u015fak\u2019ta ve \u00fclkemizde alan\u0131nda \u00f6ne \u00e7\u0131kan, hayatlar\u0131 ve deneyimleriyle gen\u00e7lerimize \u00f6rnek olabilecek bir\u00e7ok de\u011ferli isim bulunmaktad\u0131r. Bu ki\u015fileri \u00f6\u011frencilerimizle bir araya getirerek, muvaffakiyetin s\u0131rlar\u0131 ba\u015fl\u0131\u011f\u0131 alt\u0131nda ders niteli\u011finde deneyimlerin payla\u015f\u0131lmas\u0131n\u0131 sa\u011flayaca\u011f\u0131z.&#8221; \u015feklinde konu\u015ftu.<\/p>\n<p>&#8220;Hep beraber \u00fcniversitemizi daha da y\u00fckseltmek i\u00e7in elimizden geleni yapaca\u011f\u0131z&#8221; diyen Rekt\u00f6r Prof. Dr. Ahmet Demir, herkese kap\u0131s\u0131n\u0131n a\u00e7\u0131k oldu\u011funu ifade etti. Toplant\u0131, senato \u00fcyelerinin tebrik ve temennilerini iletmeleriyle sona erdi.<br \/><\/p>\n","protected":false},"excerpt":{"rendered":"<p>U\u015fak \u00dcniversitesi Rekt\u00f6rl\u00fc\u011f\u00fc g\u00f6revine atanan Prof. Dr. Ahmet Demir, Senato Salonu\u2019nda d\u00fczenlenen toplant\u0131yla senato \u00fcyeleriyle bir araya geldi. U\u015fak \u00dcniversitesi Senato Salonu\u2019nda ger\u00e7ekle\u015fen toplant\u0131ya; U\u015fak \u00dcniversitesi Rekt\u00f6r\u00fc Prof. Dr. Ahmet Demir, Rekt\u00f6r Yard\u0131mc\u0131lar\u0131 Prof. Dr. Kenan Ta\u015f, Prof. Dr. L\u00fctfi \u00d6zav, Prof. Dr. Osman Birgin, fak\u00fclte dekanlar\u0131, meslek y\u00fcksekokulu m\u00fcd\u00fcrleri, \u00f6nceki d\u00f6nem Rekt\u00f6r\u00fc Prof. Dr&#8230;.<\/p>\n","protected":false},"author":1,"featured_media":74492,"comment_status":"open","ping_status":"open","sticky":false,"template":"","format":"standard","meta":{"_crdt_document":"","footnotes":""},"categories":[1],"tags":[],"class_list":["post-74491","post","type-post","status-publish","format-standard","has-post-thumbnail","hentry","category-guncel"],"_links":{"self":[{"href":"https:\/\/www.egemtv.com\/index.php?rest_route=\/wp\/v2\/posts\/74491","targetHints":{"allow":["GET"]}}],"collection":[{"href":"https:\/\/www.egemtv.com\/index.php?rest_route=\/wp\/v2\/posts"}],"about":[{"href":"https:\/\/www.egemtv.com\/index.php?rest_route=\/wp\/v2\/types\/post"}],"author":[{"embeddable":true,"href":"https:\/\/www.egemtv.com\/index.php?rest_route=\/wp\/v2\/users\/1"}],"replies":[{"embeddable":true,"href":"https:\/\/www.egemtv.com\/index.php?rest_route=%2Fwp%2Fv2%2Fcomments&post=74491"}],"version-history":[{"count":1,"href":"https:\/\/www.egemtv.com\/index.php?rest_route=\/wp\/v2\/posts\/74491\/revisions"}],"predecessor-version":[{"id":74493,"href":"https:\/\/www.egemtv.com\/index.php?rest_route=\/wp\/v2\/posts\/74491\/revisions\/74493"}],"wp:featuredmedia":[{"embeddable":true,"href":"https:\/\/www.egemtv.com\/index.php?rest_route=\/wp\/v2\/media\/74492"}],"wp:attachment":[{"href":"https:\/\/www.egemtv.com\/index.php?rest_route=%2Fwp%2Fv2%2Fmedia&parent=74491"}],"wp:term":[{"taxonomy":"category","embeddable":true,"href":"https:\/\/www.egemtv.com\/index.php?rest_route=%2Fwp%2Fv2%2Fcategories&post=74491"},{"taxonomy":"post_tag","embeddable":true,"href":"https:\/\/www.egemtv.com\/index.php?rest_route=%2Fwp%2Fv2%2Ftags&post=74491"}],"curies":[{"name":"wp","href":"https:\/\/api.w.org\/{rel}","templated":true}]}}