{"id":74488,"date":"2025-12-16T11:14:53","date_gmt":"2025-12-16T08:14:53","guid":{"rendered":"https:\/\/www.egemtv.com\/?p=74488"},"modified":"2025-12-16T11:14:54","modified_gmt":"2025-12-16T08:14:54","slug":"cesitli-suclardan-aranan-12-kisi-tutuklandi","status":"publish","type":"post","link":"https:\/\/www.egemtv.com\/?p=74488","title":{"rendered":"\u00c7e\u015fitli su\u00e7lardan aranan 12 ki\u015fi tutukland\u0131"},"content":{"rendered":"<p>Afyonkarahisar\u2019da jandarma taraf\u0131ndan ger\u00e7ekle\u015ftirilen denetimlerde \u00e7e\u015fitli su\u00e7lardan aranan 38 ki\u015fi yakalan\u0131rken bu \u015fah\u0131slardan 12\u2019si \u00e7\u0131kar\u0131ld\u0131klar\u0131 mahkemeler taraf\u0131ndan tutukland\u0131.<br \/>\n<br \/>Edinilen bilgilere g\u00f6re, Afyonkarahisar \u0130l Jandarma Komutanl\u0131\u011f\u0131na ba\u011fl\u0131 ekipler taraf\u0131ndan 8-14 Aral\u0131k tarihleri aras\u0131nda yol kontrol ve denetim faaliyeti ger\u00e7ekle\u015ftirildi. Denetimlerde \u00e7e\u015fitli su\u00e7lardan aranan 38 ki\u015fi yakaland\u0131. \u015eah\u0131slardan 12\u2019si \u00e7\u0131kar\u0131ld\u0131klar\u0131 mahkemeler taraf\u0131ndan tutuklanarak cezaevine g\u00f6nderildi.<br \/><\/p>\n","protected":false},"excerpt":{"rendered":"<p>Afyonkarahisar\u2019da jandarma taraf\u0131ndan ger\u00e7ekle\u015ftirilen denetimlerde \u00e7e\u015fitli su\u00e7lardan aranan 38 ki\u015fi yakalan\u0131rken bu \u015fah\u0131slardan 12\u2019si \u00e7\u0131kar\u0131ld\u0131klar\u0131 mahkemeler taraf\u0131ndan tutukland\u0131. Edinilen bilgilere g\u00f6re, Afyonkarahisar \u0130l Jandarma Komutanl\u0131\u011f\u0131na ba\u011fl\u0131 ekipler taraf\u0131ndan 8-14 Aral\u0131k tarihleri aras\u0131nda yol kontrol ve denetim faaliyeti ger\u00e7ekle\u015ftirildi. Denetimlerde \u00e7e\u015fitli su\u00e7lardan aranan 38 ki\u015fi yakaland\u0131. \u015eah\u0131slardan 12\u2019si \u00e7\u0131kar\u0131ld\u0131klar\u0131 mahkemeler taraf\u0131ndan tutuklanarak cezaevine g\u00f6nderildi.<\/p>\n","protected":false},"author":1,"featured_media":74489,"comment_status":"open","ping_status":"open","sticky":false,"template":"","format":"standard","meta":{"_crdt_document":"","footnotes":""},"categories":[5],"tags":[],"class_list":["post-74488","post","type-post","status-publish","format-standard","has-post-thumbnail","hentry","category-asayis"],"_links":{"self":[{"href":"https:\/\/www.egemtv.com\/index.php?rest_route=\/wp\/v2\/posts\/74488","targetHints":{"allow":["GET"]}}],"collection":[{"href":"https:\/\/www.egemtv.com\/index.php?rest_route=\/wp\/v2\/posts"}],"about":[{"href":"https:\/\/www.egemtv.com\/index.php?rest_route=\/wp\/v2\/types\/post"}],"author":[{"embeddable":true,"href":"https:\/\/www.egemtv.com\/index.php?rest_route=\/wp\/v2\/users\/1"}],"replies":[{"embeddable":true,"href":"https:\/\/www.egemtv.com\/index.php?rest_route=%2Fwp%2Fv2%2Fcomments&post=74488"}],"version-history":[{"count":1,"href":"https:\/\/www.egemtv.com\/index.php?rest_route=\/wp\/v2\/posts\/74488\/revisions"}],"predecessor-version":[{"id":74490,"href":"https:\/\/www.egemtv.com\/index.php?rest_route=\/wp\/v2\/posts\/74488\/revisions\/74490"}],"wp:featuredmedia":[{"embeddable":true,"href":"https:\/\/www.egemtv.com\/index.php?rest_route=\/wp\/v2\/media\/74489"}],"wp:attachment":[{"href":"https:\/\/www.egemtv.com\/index.php?rest_route=%2Fwp%2Fv2%2Fmedia&parent=74488"}],"wp:term":[{"taxonomy":"category","embeddable":true,"href":"https:\/\/www.egemtv.com\/index.php?rest_route=%2Fwp%2Fv2%2Fcategories&post=74488"},{"taxonomy":"post_tag","embeddable":true,"href":"https:\/\/www.egemtv.com\/index.php?rest_route=%2Fwp%2Fv2%2Ftags&post=74488"}],"curies":[{"name":"wp","href":"https:\/\/api.w.org\/{rel}","templated":true}]}}