{"id":74485,"date":"2025-12-16T11:14:53","date_gmt":"2025-12-16T08:14:53","guid":{"rendered":"https:\/\/www.egemtv.com\/?p=74485"},"modified":"2025-12-16T11:14:53","modified_gmt":"2025-12-16T08:14:53","slug":"nazilli-belediyesinin-dagittigi-binlerce-agac-fidani-kisa-surede-tukendi","status":"publish","type":"post","link":"https:\/\/www.egemtv.com\/?p=74485","title":{"rendered":"Nazilli Belediyesi\u2019nin da\u011f\u0131tt\u0131\u011f\u0131 binlerce a\u011fa\u00e7 fidan\u0131 k\u0131sa s\u00fcrede t\u00fckendi"},"content":{"rendered":"<p>Nazilli Belediyesi\u2019nin &#8220;Ye\u015feren Topraklar&#8221; projesi kapsam\u0131nda Uzun\u00e7am, Esenk\u00f6y ve Hamidiye mahallelerinde 5 bin a\u011fa\u00e7 fidan\u0131 vatanda\u015flara \u00fccretsiz olarak da\u011f\u0131t\u0131ld\u0131.<br \/>\n<br \/>Nazilli Belediyesi taraf\u0131ndan hayata ge\u00e7irilen &#8220;Ye\u015feren Topraklar&#8221; projesi, Tar\u0131msal Hizmetler M\u00fcd\u00fcrl\u00fc\u011f\u00fc taraf\u0131ndan y\u00fcr\u00fct\u00fcl\u00fcrken, a\u011fa\u00e7 fidan\u0131 da\u011f\u0131t\u0131m\u0131n\u0131n ikinci etab\u0131 Uzun\u00e7am, Esenk\u00f6y ve Hamidiye mahallelerinde ger\u00e7ekle\u015ftirildi. \u0130kinci etap \u00e7al\u0131\u015fmalar\u0131 kapsam\u0131nda incir, ceviz, defne, s\u0131\u011fla ve f\u0131st\u0131k \u00e7am\u0131 t\u00fcrlerinden olu\u015fan toplam 5 bin a\u011fa\u00e7 fidan\u0131, belediye ekipleri taraf\u0131ndan vatanda\u015flara \u00fccretsiz olarak ula\u015ft\u0131r\u0131ld\u0131.<br \/>\n<br \/>Nazilli Belediye Ba\u015fkan\u0131 Dr. Ertu\u011frul Tetik, fidan da\u011f\u0131t\u0131m program\u0131na kat\u0131larak mahalle sakinleriyle bir araya geldi. Projenin \u00e7evreye duyarl\u0131 ve s\u00fcrd\u00fcr\u00fclebilir bir anlay\u0131\u015fla devam edece\u011fini belirten Ba\u015fkan Tetik, yapt\u0131\u011f\u0131 a\u00e7\u0131klamada &#8220;Ye\u015feren Topraklar projemizle yaln\u0131zca fidan da\u011f\u0131tm\u0131yoruz; gelece\u011fe nefes, \u00e7ocuklar\u0131m\u0131za daha ya\u015fanabilir bir Nazilli b\u0131rak\u0131yoruz. Bug\u00fcn ikinci etap da\u011f\u0131t\u0131m\u0131m\u0131z\u0131 ger\u00e7ekle\u015ftirerek 5 bin fidan\u0131 toprakla bulu\u015fturduk. Bu projeyi \u00f6n\u00fcm\u00fczdeki s\u00fcre\u00e7te farkl\u0131 mahallelerimizde de s\u00fcrd\u00fcrece\u011fiz&#8221; dedi.<br \/>\n<br \/>Ba\u015fkan Tetik, vatanda\u015flar\u0131n projeye g\u00f6sterdi\u011fi ilgiden duydu\u011fu memnuniyeti dile getirerek, do\u011faya yap\u0131lan her katk\u0131n\u0131n Nazilli\u2019nin gelece\u011fine de\u011fer katt\u0131\u011f\u0131n\u0131 ifade etti. Nazilli Belediyesi\u2019nin \u00e7evre odakl\u0131 projeleri kapsam\u0131nda &#8220;Ye\u015feren Topraklar&#8221; projesinin ilerleyen d\u00f6nemlerde de farkl\u0131 mahallelerde devam edece\u011fi bildirildi.<br \/><\/p>\n","protected":false},"excerpt":{"rendered":"<p>Nazilli Belediyesi\u2019nin &#8220;Ye\u015feren Topraklar&#8221; projesi kapsam\u0131nda Uzun\u00e7am, Esenk\u00f6y ve Hamidiye mahallelerinde 5 bin a\u011fa\u00e7 fidan\u0131 vatanda\u015flara \u00fccretsiz olarak da\u011f\u0131t\u0131ld\u0131. Nazilli Belediyesi taraf\u0131ndan hayata ge\u00e7irilen &#8220;Ye\u015feren Topraklar&#8221; projesi, Tar\u0131msal Hizmetler M\u00fcd\u00fcrl\u00fc\u011f\u00fc taraf\u0131ndan y\u00fcr\u00fct\u00fcl\u00fcrken, a\u011fa\u00e7 fidan\u0131 da\u011f\u0131t\u0131m\u0131n\u0131n ikinci etab\u0131 Uzun\u00e7am, Esenk\u00f6y ve Hamidiye mahallelerinde ger\u00e7ekle\u015ftirildi. \u0130kinci etap \u00e7al\u0131\u015fmalar\u0131 kapsam\u0131nda incir, ceviz, defne, s\u0131\u011fla ve f\u0131st\u0131k \u00e7am\u0131 t\u00fcrlerinden&#8230;<\/p>\n","protected":false},"author":1,"featured_media":74486,"comment_status":"open","ping_status":"open","sticky":false,"template":"","format":"standard","meta":{"_crdt_document":"","footnotes":""},"categories":[1],"tags":[],"class_list":["post-74485","post","type-post","status-publish","format-standard","has-post-thumbnail","hentry","category-guncel"],"_links":{"self":[{"href":"https:\/\/www.egemtv.com\/index.php?rest_route=\/wp\/v2\/posts\/74485","targetHints":{"allow":["GET"]}}],"collection":[{"href":"https:\/\/www.egemtv.com\/index.php?rest_route=\/wp\/v2\/posts"}],"about":[{"href":"https:\/\/www.egemtv.com\/index.php?rest_route=\/wp\/v2\/types\/post"}],"author":[{"embeddable":true,"href":"https:\/\/www.egemtv.com\/index.php?rest_route=\/wp\/v2\/users\/1"}],"replies":[{"embeddable":true,"href":"https:\/\/www.egemtv.com\/index.php?rest_route=%2Fwp%2Fv2%2Fcomments&post=74485"}],"version-history":[{"count":1,"href":"https:\/\/www.egemtv.com\/index.php?rest_route=\/wp\/v2\/posts\/74485\/revisions"}],"predecessor-version":[{"id":74487,"href":"https:\/\/www.egemtv.com\/index.php?rest_route=\/wp\/v2\/posts\/74485\/revisions\/74487"}],"wp:featuredmedia":[{"embeddable":true,"href":"https:\/\/www.egemtv.com\/index.php?rest_route=\/wp\/v2\/media\/74486"}],"wp:attachment":[{"href":"https:\/\/www.egemtv.com\/index.php?rest_route=%2Fwp%2Fv2%2Fmedia&parent=74485"}],"wp:term":[{"taxonomy":"category","embeddable":true,"href":"https:\/\/www.egemtv.com\/index.php?rest_route=%2Fwp%2Fv2%2Fcategories&post=74485"},{"taxonomy":"post_tag","embeddable":true,"href":"https:\/\/www.egemtv.com\/index.php?rest_route=%2Fwp%2Fv2%2Ftags&post=74485"}],"curies":[{"name":"wp","href":"https:\/\/api.w.org\/{rel}","templated":true}]}}