{"id":74482,"date":"2025-12-16T11:14:52","date_gmt":"2025-12-16T08:14:52","guid":{"rendered":"https:\/\/www.egemtv.com\/?p=74482"},"modified":"2025-12-16T11:14:52","modified_gmt":"2025-12-16T08:14:52","slug":"msku-aydinda-gelecegini-planlayan-genclerle-bir-araya-geldi","status":"publish","type":"post","link":"https:\/\/www.egemtv.com\/?p=74482","title":{"rendered":"MSK\u00dc, Ayd\u0131n\u2019da gelece\u011fini planlayan gen\u00e7lerle bir araya geldi"},"content":{"rendered":"<p>Mu\u011fla S\u0131tk\u0131 Ko\u00e7man \u00dcniversitesi (MSK\u00dc),  Ayd\u0131n\u2019da bu y\u0131l 11.\u2019si d\u00fczenlenen Y\u00fcksek\u00f6\u011fretim Tan\u0131t\u0131m G\u00fcnleri etkinli\u011finde yo\u011fun ilgi g\u00f6rd\u00fc.<\/p>\n<p>Bu y\u0131l Ayd\u0131n\u2019da on birincisi d\u00fczenlenen Ayd\u0131n Y\u00fcksek\u00f6\u011fretim Tan\u0131t\u0131m G\u00fcnleri, Ayd\u0131n Lisesi Kapal\u0131 Spor Salonu\u2019nda ger\u00e7ekle\u015ftirildi. \u00d6\u011frencilerin yo\u011fun ilgi g\u00f6sterdi\u011fi fuarda, Mu\u011fla S\u0131tk\u0131 Ko\u00e7man \u00dcniversitesi de (MSK\u00dc) yerini ald\u0131. 20 \u00fcniversitenin tan\u0131t\u0131m temsilcilerinin \u00f6\u011frencilerle bir araya geldi\u011fi fuarda, MSK\u00dc stand\u0131 yo\u011fun ilgi g\u00f6rd\u00fc. \u00dcniversite aday\u0131 \u00f6\u011frencilere, nitelikli e\u011fitim-\u00f6\u011fretim faaliyetleri, lisans ve \u00f6n lisans b\u00f6l\u00fcmleri, uygulama imkanlar\u0131, kamp\u00fcs ya\u015fam\u0131, sosyal, bilimsel ve k\u00fclt\u00fcrel etkinlikler anlat\u0131ld\u0131. Ayr\u0131ca, gelece\u011fine y\u00f6n vermek isteyen gen\u00e7lere \u00fcniversite s\u00fcreci ve akademik deneyimler konusunda da bilgiler verildi. \u00d6\u011frenciler, okumak istedi\u011fi b\u00f6l\u00fcmler ve MSK\u00dc\u2019de \u00fcniversite hayat\u0131 hakk\u0131nda merak ettiklerini \u00f6\u011frenme f\u0131rsat\u0131 buldu.<br \/><\/p>\n","protected":false},"excerpt":{"rendered":"<p>Mu\u011fla S\u0131tk\u0131 Ko\u00e7man \u00dcniversitesi (MSK\u00dc), Ayd\u0131n\u2019da bu y\u0131l 11.\u2019si d\u00fczenlenen Y\u00fcksek\u00f6\u011fretim Tan\u0131t\u0131m G\u00fcnleri etkinli\u011finde yo\u011fun ilgi g\u00f6rd\u00fc. Bu y\u0131l Ayd\u0131n\u2019da on birincisi d\u00fczenlenen Ayd\u0131n Y\u00fcksek\u00f6\u011fretim Tan\u0131t\u0131m G\u00fcnleri, Ayd\u0131n Lisesi Kapal\u0131 Spor Salonu\u2019nda ger\u00e7ekle\u015ftirildi. \u00d6\u011frencilerin yo\u011fun ilgi g\u00f6sterdi\u011fi fuarda, Mu\u011fla S\u0131tk\u0131 Ko\u00e7man \u00dcniversitesi de (MSK\u00dc) yerini ald\u0131. 20 \u00fcniversitenin tan\u0131t\u0131m temsilcilerinin \u00f6\u011frencilerle bir araya geldi\u011fi fuarda,&#8230;<\/p>\n","protected":false},"author":1,"featured_media":74483,"comment_status":"open","ping_status":"open","sticky":false,"template":"","format":"standard","meta":{"_crdt_document":"","footnotes":""},"categories":[1],"tags":[],"class_list":["post-74482","post","type-post","status-publish","format-standard","has-post-thumbnail","hentry","category-guncel"],"_links":{"self":[{"href":"https:\/\/www.egemtv.com\/index.php?rest_route=\/wp\/v2\/posts\/74482","targetHints":{"allow":["GET"]}}],"collection":[{"href":"https:\/\/www.egemtv.com\/index.php?rest_route=\/wp\/v2\/posts"}],"about":[{"href":"https:\/\/www.egemtv.com\/index.php?rest_route=\/wp\/v2\/types\/post"}],"author":[{"embeddable":true,"href":"https:\/\/www.egemtv.com\/index.php?rest_route=\/wp\/v2\/users\/1"}],"replies":[{"embeddable":true,"href":"https:\/\/www.egemtv.com\/index.php?rest_route=%2Fwp%2Fv2%2Fcomments&post=74482"}],"version-history":[{"count":1,"href":"https:\/\/www.egemtv.com\/index.php?rest_route=\/wp\/v2\/posts\/74482\/revisions"}],"predecessor-version":[{"id":74484,"href":"https:\/\/www.egemtv.com\/index.php?rest_route=\/wp\/v2\/posts\/74482\/revisions\/74484"}],"wp:featuredmedia":[{"embeddable":true,"href":"https:\/\/www.egemtv.com\/index.php?rest_route=\/wp\/v2\/media\/74483"}],"wp:attachment":[{"href":"https:\/\/www.egemtv.com\/index.php?rest_route=%2Fwp%2Fv2%2Fmedia&parent=74482"}],"wp:term":[{"taxonomy":"category","embeddable":true,"href":"https:\/\/www.egemtv.com\/index.php?rest_route=%2Fwp%2Fv2%2Fcategories&post=74482"},{"taxonomy":"post_tag","embeddable":true,"href":"https:\/\/www.egemtv.com\/index.php?rest_route=%2Fwp%2Fv2%2Ftags&post=74482"}],"curies":[{"name":"wp","href":"https:\/\/api.w.org\/{rel}","templated":true}]}}