{"id":74479,"date":"2025-12-16T11:14:51","date_gmt":"2025-12-16T08:14:51","guid":{"rendered":"https:\/\/www.egemtv.com\/?p=74479"},"modified":"2025-12-16T11:14:52","modified_gmt":"2025-12-16T08:14:52","slug":"mankenler-kralicesi-asli-bas-cinayet-durusmasi-tekrar-basladi","status":"publish","type":"post","link":"https:\/\/www.egemtv.com\/?p=74479","title":{"rendered":"Mankenler Krali\u00e7esi Asl\u0131 Ba\u015f cinayet duru\u015fmas\u0131 tekrar ba\u015flad\u0131"},"content":{"rendered":"<p>2003 T\u00fcrkiye Mankenler Krali\u00e7esi Asl\u0131 Ba\u015f\u2019\u0131n 2010 y\u0131l\u0131nda Bodrum\u2019da Ahmet Bayer\u2019e ait villada \u015f\u00fcpheli \u015fekilde hayat\u0131n\u0131 kaybetmesine ili\u015fkin davada, 5 A\u011fustos\u2019ta Yarg\u0131tay\u2019\u0131n beraat karar\u0131n\u0131 bozmas\u0131n\u0131n ard\u0131ndan dosya bug\u00fcn Mu\u011fla 1. A\u011f\u0131r Ceza Mahkemesi\u2019nde tekrar g\u00f6r\u00fcl\u00fcyor.<br \/>\n<br \/>Duru\u015fmaya Asl\u0131 Ba\u015f\u2019\u0131n aile avukat\u0131 Fahri Safa K\u00fcpc\u00fc, Asl\u0131 Ba\u015f\u2019\u0131n babas\u0131 Mehmet Ba\u015f kat\u0131ld\u0131.<\/p>\n<p>Yarg\u0131tay\u2019\u0131n bozma gerek\u00e7esi dinlenmeyen tan\u0131klar ve cep telefonunda silinen mesajlar<br \/>\n<br \/>Duru\u015fma \u00f6ncesi a\u00e7\u0131klama yapan Asl\u0131 Ba\u015f\u2019\u0131n aile avukat\u0131 Fahri Safa K\u00fcpc\u00fc, &#8220;Bug\u00fcn, bozma sonras\u0131 ilk duru\u015fma olacak. Dosyada Ahmet Bayer, Hakan Sadi Bayer, Volkan Bayer ile alakal\u0131 bozma var. Bir k\u0131sm\u0131 zaten \u0130stinaf Mahkemesi\u2019nde ses kay\u0131tlar\u0131 dinlemeler sonras\u0131 onanm\u0131\u015ft\u0131 karar. Onlarla ilgili bir yarg\u0131lama olmayacak. Sadece Asl\u0131 Ba\u015f\u2019\u0131n cinayetine odakland\u0131 art\u0131k dosya. Bozma karar\u0131 eksik incelemeye dayan\u0131yor. Eksik inceleme dinlenmeyen tan\u0131klar var. Onlar\u0131n dinlenilmesi talep edilmi\u015fti. Ayr\u0131ca, bir de Asl\u0131 Ba\u015f\u2019\u0131n cep telefonunda silinmi\u015f mesajlar var. Yeni teknoloji art\u0131k bu silinmi\u015f mesajlar\u0131 geri getirebiliyormu\u015f. Bu, geri getirebilen mesajlar\u0131n getirilmesi i\u00e7in \u00f6nce bunu denemesi gerekir, bu yap\u0131lmadan karar verilemez\u2019 diyerek tekrar bozdu. Bu da ikinci eksik inceleme noktas\u0131. Ama hen\u00fcz \u015feyler tamamlanmad\u0131 bu eksik inceleme. Bu duru\u015fmada da muhtemelen cep telefonunun yeterli teknik altyap\u0131s\u0131 olan bir yerde incelenerek eksik dinlenen mesajlar\u0131n geri getirilmesi i\u00e7in bir karar verilmesini bekliyoruz&#8221; dedi.<\/p>\n<p>FET\u00d6 dosyas\u0131ndan beraat ettiler<br \/>\n<br \/>San\u0131klar\u0131n FET\u00d6 dosyas\u0131ndan beraat ettiklerini belirten Av. K\u00fcpc\u00fc, &#8220;FET\u00d6 dosyas\u0131nda yakla\u015f\u0131m \u015fu, vatanda\u015f o dosyalara m\u00fcdahil olam\u0131yor. Hukuki tabiri olarak s\u00f6yl\u00fcyorum. Sadece biz m\u00fc\u015fteki olarak kal\u0131yoruz o dosyalarda. M\u00fc\u015fteki oldu\u011fumuz i\u00e7in kararlara biz itiraz edemiyoruz, \u00fcst mahkemeye ta\u015f\u0131yam\u0131yoruz. Orada beraat karar\u0131 verildi. \u00dcst mahkemeye ta\u015f\u0131yamad\u0131k haliyle. \u00dcst mahkemeden de kesinle\u015fmi\u015f oldu o dosya&#8221; dedi.<br \/><\/p>\n","protected":false},"excerpt":{"rendered":"<p>2003 T\u00fcrkiye Mankenler Krali\u00e7esi Asl\u0131 Ba\u015f\u2019\u0131n 2010 y\u0131l\u0131nda Bodrum\u2019da Ahmet Bayer\u2019e ait villada \u015f\u00fcpheli \u015fekilde hayat\u0131n\u0131 kaybetmesine ili\u015fkin davada, 5 A\u011fustos\u2019ta Yarg\u0131tay\u2019\u0131n beraat karar\u0131n\u0131 bozmas\u0131n\u0131n ard\u0131ndan dosya bug\u00fcn Mu\u011fla 1. A\u011f\u0131r Ceza Mahkemesi\u2019nde tekrar g\u00f6r\u00fcl\u00fcyor. Duru\u015fmaya Asl\u0131 Ba\u015f\u2019\u0131n aile avukat\u0131 Fahri Safa K\u00fcpc\u00fc, Asl\u0131 Ba\u015f\u2019\u0131n babas\u0131 Mehmet Ba\u015f kat\u0131ld\u0131. Yarg\u0131tay\u2019\u0131n bozma gerek\u00e7esi dinlenmeyen tan\u0131klar ve&#8230;<\/p>\n","protected":false},"author":1,"featured_media":74480,"comment_status":"open","ping_status":"open","sticky":false,"template":"","format":"standard","meta":{"_crdt_document":"","footnotes":""},"categories":[5],"tags":[],"class_list":["post-74479","post","type-post","status-publish","format-standard","has-post-thumbnail","hentry","category-asayis"],"_links":{"self":[{"href":"https:\/\/www.egemtv.com\/index.php?rest_route=\/wp\/v2\/posts\/74479","targetHints":{"allow":["GET"]}}],"collection":[{"href":"https:\/\/www.egemtv.com\/index.php?rest_route=\/wp\/v2\/posts"}],"about":[{"href":"https:\/\/www.egemtv.com\/index.php?rest_route=\/wp\/v2\/types\/post"}],"author":[{"embeddable":true,"href":"https:\/\/www.egemtv.com\/index.php?rest_route=\/wp\/v2\/users\/1"}],"replies":[{"embeddable":true,"href":"https:\/\/www.egemtv.com\/index.php?rest_route=%2Fwp%2Fv2%2Fcomments&post=74479"}],"version-history":[{"count":1,"href":"https:\/\/www.egemtv.com\/index.php?rest_route=\/wp\/v2\/posts\/74479\/revisions"}],"predecessor-version":[{"id":74481,"href":"https:\/\/www.egemtv.com\/index.php?rest_route=\/wp\/v2\/posts\/74479\/revisions\/74481"}],"wp:featuredmedia":[{"embeddable":true,"href":"https:\/\/www.egemtv.com\/index.php?rest_route=\/wp\/v2\/media\/74480"}],"wp:attachment":[{"href":"https:\/\/www.egemtv.com\/index.php?rest_route=%2Fwp%2Fv2%2Fmedia&parent=74479"}],"wp:term":[{"taxonomy":"category","embeddable":true,"href":"https:\/\/www.egemtv.com\/index.php?rest_route=%2Fwp%2Fv2%2Fcategories&post=74479"},{"taxonomy":"post_tag","embeddable":true,"href":"https:\/\/www.egemtv.com\/index.php?rest_route=%2Fwp%2Fv2%2Ftags&post=74479"}],"curies":[{"name":"wp","href":"https:\/\/api.w.org\/{rel}","templated":true}]}}