{"id":74476,"date":"2025-12-16T10:54:57","date_gmt":"2025-12-16T07:54:57","guid":{"rendered":"https:\/\/www.egemtv.com\/?p=74476"},"modified":"2025-12-16T10:54:57","modified_gmt":"2025-12-16T07:54:57","slug":"egirdir-golundeki-kuraklik-tarimda-yon-degistirdi","status":"publish","type":"post","link":"https:\/\/www.egemtv.com\/?p=74476","title":{"rendered":"E\u011firdir G\u00f6l\u00fc\u2019ndeki kurakl\u0131k tar\u0131mda y\u00f6n de\u011fi\u015ftirdi"},"content":{"rendered":"<p>Isparta\u2019n\u0131n E\u011firdir il\u00e7esinde son y\u0131llarda artan kurakl\u0131k, \u00e7ift\u00e7ileri alternatif \u00fcretim modellerine y\u00f6nlendirirken, b\u00f6lgenin g\u00f6zbebe\u011fi olan elma \u00fcretimi yerini susuz tar\u0131ma uygun zeytin, Arbek\u00fcm ve vi\u015fne gibi \u00fcr\u00fcnlere b\u0131rakmaya ba\u015flad\u0131. Bu de\u011fi\u015fime Tepeli K\u00f6y\u00fc\u2019nde \u00f6nc\u00fcl\u00fck eden muhtar Mustafa Kemal Demirekin, azalan su kaynaklar\u0131na dikkat \u00e7ekmek amac\u0131yla elma bah\u00e7eleri yerine vi\u015fne ve zeytin fidanlar\u0131 dikerek \u00f6rnek bir \u00fcretim modelini hayata ge\u00e7irdi.<br \/>\n<br \/>K\u00fcresel \u0131s\u0131nma, azalan ya\u011f\u0131\u015flar ve su kaynaklar\u0131ndaki ciddi gerileme, tar\u0131m sekt\u00f6r\u00fcn\u00fc her ge\u00e7en y\u0131l daha fazla zorlarken, Isparta\u2019n\u0131n E\u011firdir il\u00e7esinde \u00fcreticiler yeni aray\u0131\u015flara y\u00f6neliyor. \u00d6zellikle 2025 yaz sezonunda ya\u015fanan kurakl\u0131k nedeniyle elma bah\u00e7elerini sulamakta b\u00fcy\u00fck zorluk ya\u015fayan \u00e7ift\u00e7iler, tankerlerle su ta\u015f\u0131mak zorunda kald\u0131. Bu s\u00fcre\u00e7te Tepeli K\u00f6y\u00fc Muhtar\u0131 ve Tar\u0131msal Kalk\u0131nma Kooperatifi Ba\u015fkan\u0131 Mustafa Kemal Demirekin, k\u00f6y\u00fcnde susuz tar\u0131ma ge\u00e7i\u015f s\u00fcrecine \u00f6nc\u00fcl\u00fck etti. Demirekin, 2,5 d\u00f6n\u00fcml\u00fck arazisinde daha \u00f6nce yeti\u015ftirilen elma ve ceviz a\u011fa\u00e7lar\u0131n\u0131n yerine kurakl\u0131\u011fa dayan\u0131kl\u0131 70 adet vi\u015fne ile Arbek\u00fcm ve Gemlik t\u00fcrlerinden 70 adet zeytin fidan\u0131 dikti.<\/p>\n<p>Kurakl\u0131k \u00e7ift\u00e7iyi alternatif \u00fcretime zorluyor<br \/>\n<br \/>E\u011firdir G\u00f6l\u00fc\u2019n\u00fcn su seviyesinin her y\u0131l d\u00fc\u015ft\u00fc\u011f\u00fcne dikkat \u00e7eken Demirekin, &#8220;Bu kurakl\u0131k nedeniyle biz \u00e7ift\u00e7iler olarak farkl\u0131 \u00fcretim modellerine y\u00f6nelmek zorunda kald\u0131k. Tar\u0131m \u0130l\u00e7e M\u00fcd\u00fcr\u00fcm\u00fcz ve personelinin \u00f6nerileri do\u011frultusunda, bu \u015fartlara uygun fidanlar\u0131 tercih ettik. B\u00f6lgemizde su k\u0131tl\u0131\u011f\u0131 ya\u015fand\u0131\u011f\u0131 i\u00e7in, az su isteyen bu \u00fcr\u00fcnleri \u00fcretmek durumunday\u0131z. Arazim 2,5 d\u00f6n\u00fcm ve bu alana 70 adet zeytin ile susuz yeti\u015ftirilecek 70 adet vi\u015fne fidan\u0131 diktik. \u0130n\u015fallah hepimiz i\u00e7in hay\u0131rl\u0131 olur&#8221; dedi.<\/p>\n<p>&#8220;Araziler bo\u015f kalmas\u0131n, \u00e7ift\u00e7i geliri korunsun&#8221;<br \/>\n<br \/>Projeye ili\u015fkin de\u011ferlendirmede bulunan Ziraat M\u00fchendisi Hasan Demirekin ise b\u00f6lgede su s\u0131k\u0131nt\u0131s\u0131n\u0131n ciddi boyutlara ula\u015ft\u0131\u011f\u0131n\u0131 vurgulayarak, ama\u00e7lar\u0131n\u0131n arazilerin bo\u015f kalmamas\u0131 ve \u00e7ift\u00e7inin gelirini koruyacak alternatif bir model olu\u015fturmak oldu\u011funu s\u00f6yledi. Vi\u015fnenin kurakl\u0131\u011fa dayan\u0131kl\u0131 yap\u0131s\u0131yla iyi bir alternatif oldu\u011funu belirten Demirekin, zeytinin ise deneme ama\u00e7l\u0131 dikildi\u011fini, verim ve piyasa talebinin \u00f6n\u00fcm\u00fczdeki y\u0131llarda netle\u015fece\u011fini kaydetti. Tepeli K\u00f6y\u00fc\u2019nde ba\u015flat\u0131lan susuz tar\u0131m uygulamas\u0131n\u0131n, E\u011firdir ve \u00e7evresindeki \u00fcreticilere \u00f6rnek olmas\u0131 beklenirken, fidan dikim \u00e7al\u0131\u015fmalar\u0131na E\u011firdir \u0130l\u00e7e Tar\u0131m ve Orman M\u00fcd\u00fcr\u00fc Ramazan Taran ile teknik ekip de kat\u0131larak incelemelerde bulundu ve \u00fcreticiye teknik destek sa\u011flad\u0131.<br \/><\/p>\n","protected":false},"excerpt":{"rendered":"<p>Isparta\u2019n\u0131n E\u011firdir il\u00e7esinde son y\u0131llarda artan kurakl\u0131k, \u00e7ift\u00e7ileri alternatif \u00fcretim modellerine y\u00f6nlendirirken, b\u00f6lgenin g\u00f6zbebe\u011fi olan elma \u00fcretimi yerini susuz tar\u0131ma uygun zeytin, Arbek\u00fcm ve vi\u015fne gibi \u00fcr\u00fcnlere b\u0131rakmaya ba\u015flad\u0131. Bu de\u011fi\u015fime Tepeli K\u00f6y\u00fc\u2019nde \u00f6nc\u00fcl\u00fck eden muhtar Mustafa Kemal Demirekin, azalan su kaynaklar\u0131na dikkat \u00e7ekmek amac\u0131yla elma bah\u00e7eleri yerine vi\u015fne ve zeytin fidanlar\u0131 dikerek \u00f6rnek bir&#8230;<\/p>\n","protected":false},"author":1,"featured_media":74477,"comment_status":"open","ping_status":"open","sticky":false,"template":"","format":"standard","meta":{"_crdt_document":"","footnotes":""},"categories":[1],"tags":[],"class_list":["post-74476","post","type-post","status-publish","format-standard","has-post-thumbnail","hentry","category-guncel"],"_links":{"self":[{"href":"https:\/\/www.egemtv.com\/index.php?rest_route=\/wp\/v2\/posts\/74476","targetHints":{"allow":["GET"]}}],"collection":[{"href":"https:\/\/www.egemtv.com\/index.php?rest_route=\/wp\/v2\/posts"}],"about":[{"href":"https:\/\/www.egemtv.com\/index.php?rest_route=\/wp\/v2\/types\/post"}],"author":[{"embeddable":true,"href":"https:\/\/www.egemtv.com\/index.php?rest_route=\/wp\/v2\/users\/1"}],"replies":[{"embeddable":true,"href":"https:\/\/www.egemtv.com\/index.php?rest_route=%2Fwp%2Fv2%2Fcomments&post=74476"}],"version-history":[{"count":1,"href":"https:\/\/www.egemtv.com\/index.php?rest_route=\/wp\/v2\/posts\/74476\/revisions"}],"predecessor-version":[{"id":74478,"href":"https:\/\/www.egemtv.com\/index.php?rest_route=\/wp\/v2\/posts\/74476\/revisions\/74478"}],"wp:featuredmedia":[{"embeddable":true,"href":"https:\/\/www.egemtv.com\/index.php?rest_route=\/wp\/v2\/media\/74477"}],"wp:attachment":[{"href":"https:\/\/www.egemtv.com\/index.php?rest_route=%2Fwp%2Fv2%2Fmedia&parent=74476"}],"wp:term":[{"taxonomy":"category","embeddable":true,"href":"https:\/\/www.egemtv.com\/index.php?rest_route=%2Fwp%2Fv2%2Fcategories&post=74476"},{"taxonomy":"post_tag","embeddable":true,"href":"https:\/\/www.egemtv.com\/index.php?rest_route=%2Fwp%2Fv2%2Ftags&post=74476"}],"curies":[{"name":"wp","href":"https:\/\/api.w.org\/{rel}","templated":true}]}}