{"id":74473,"date":"2025-12-16T10:34:42","date_gmt":"2025-12-16T07:34:42","guid":{"rendered":"https:\/\/www.egemtv.com\/?p=74473"},"modified":"2025-12-16T10:34:43","modified_gmt":"2025-12-16T07:34:43","slug":"genc-motokurye-bagirsak-kanserinden-ameliyat-olmadan-kurtuldu","status":"publish","type":"post","link":"https:\/\/www.egemtv.com\/?p=74473","title":{"rendered":"Gen\u00e7 motokurye ba\u011f\u0131rsak kanserinden ameliyat olmadan kurtuldu"},"content":{"rendered":"<p>Motokurye olarak \u00e7al\u0131\u015fan \u0130stanbul \u00dcniversitesi Uzaktan E\u011fitim Co\u011frafya B\u00f6l\u00fcm\u00fc 3. s\u0131n\u0131f \u00f6\u011frencisi 28 ya\u015f\u0131ndaki Mertcan Kuru, Ac\u0131badem Kent Hastanesi\u2019nde ba\u011f\u0131rsa\u011f\u0131ndaki kanserojen poliplerden endoskopik y\u00f6ntemle kurtuldu. Pankreas ve on iki parmak ba\u011f\u0131rsa\u011f\u0131 ve midesinin bir k\u0131sm\u0131n\u0131n al\u0131nmas\u0131n\u0131 gerektiren b\u00fcy\u00fck bir ameliyattan kurtuldu\u011funu belirten Kuru, &#8220;k\u0131sa s\u00fcrede normal ya\u015fant\u0131ma d\u00f6nd\u00fcm.&#8221; dedi.<br \/>\n<br \/>Kar\u0131n a\u011fr\u0131s\u0131 ve pankreas iltihab\u0131 \u015fik\u00e2yetiyle yap\u0131lan endoskopik incelemede Kuru\u2019nun on iki parmak ba\u011f\u0131rsa\u011f\u0131nda geni\u015f tabanl\u0131 polipler saptand\u0131. Durum onkoloji konseyinde de\u011ferlendirilerek poliplerin \u00e7\u0131kar\u0131lmas\u0131na karar verildi. Ac\u0131badem Kent Hastanesi Gastroenteroloji Uzman\u0131 Prof. Dr. Yusuf Serdar Sakin, poliplerin cerrahi yerine endoskopik y\u00f6ntemle al\u0131nabilece\u011fini belirtti.<br \/>\n<br \/>Ard\u0131ndan gastroentroloji uzmanlar\u0131; Prof. Dr. Sakin ve Prof. Dr. Ferdane Pirin\u00e7\u00e7i Sapmaz taraf\u0131ndan ger\u00e7ekle\u015ftirilen ve 4,5 saat s\u00fcren m\u00fcdahalede polipler tamamen \u00e7\u0131kar\u0131ld\u0131. B\u00f6ylece gen\u00e7 hasta, pankreas\u0131n ve on iki parmak ba\u011f\u0131rsa\u011f\u0131n\u0131n ve midesinin bir k\u0131sm\u0131n\u0131n al\u0131nmas\u0131n\u0131 gerektiren b\u00fcy\u00fck bir ameliyattan kurtuldu. Kuru, i\u015flemden bir g\u00fcn sonra a\u011f\u0131zdan beslenmeye ba\u015flad\u0131 ve k\u0131sa s\u00fcrede normal ya\u015fant\u0131s\u0131na d\u00f6nd\u00fc.<\/p>\n<p>&#8220;\u00dc\u00e7\u00fcnc\u00fc bo\u015fluk endoskopisi&#8221; ameliyats\u0131z tedaviyi m\u00fcmk\u00fcn k\u0131l\u0131yor<br \/>\n<br \/>\u0130\u015flem hakk\u0131nda bilgi veren Prof. Dr. Sakin, endoskopik cihazlardaki geli\u015fmeler sayesinde erken evre mide ve ba\u011f\u0131rsak lezyonlar\u0131n\u0131n ameliyats\u0131z tedavi edilebildi\u011fini belirtti. Sakin, &#8220;\u00dc\u00e7\u00fcnc\u00fc bo\u015fluk endoskopisi olarak kabul edilen bu y\u00f6ntemle kanserle\u015fme potansiyeli ta\u015f\u0131yan bir\u00e7ok t\u00fcm\u00f6r\u00fc cerrahiye gerek kalmadan \u00e7\u0131karabiliyoruz. Hastam\u0131zda da ayn\u0131 y\u00f6ntemi uygulad\u0131k. Patolojide kanser \u00f6nc\u00fcl\u00fc h\u00fccreler g\u00f6zlenmi\u015f olup, \u00e7\u0131kard\u0131\u011f\u0131m\u0131z i\u00e7in takibini kontrol s\u00fcrd\u00fcr\u00fcyoruz&#8221; dedi.<\/p>\n<p>45 ya\u015f\u0131ndan itibaren kolonoskopi uyar\u0131s\u0131<br \/>\n<br \/>Erken tan\u0131n\u0131n \u00f6nemine dikkat \u00e7eken Prof. Dr. Sakin, mide-ba\u011f\u0131rsak \u015fik\u00e2yetlerinde vakit kaybetmeden bir uzmana ba\u015fvurulmas\u0131 gerekti\u011fini vurgulad\u0131. Kanser tarama programlar\u0131nda yer alan 45 ya\u015f\u0131ndan itibaren kolonoskopi taramas\u0131n\u0131n \u015fik\u00e2yet olmasa bile herkes taraf\u0131ndan yapt\u0131r\u0131lmas\u0131 gerekti\u011fini belirten Prof. Dr. Sakin, &#8220;Kal\u0131n ba\u011f\u0131rsak kanseri d\u00fcnyada en s\u0131k g\u00f6r\u00fclen ve en \u00e7ok \u00f6l\u00fcme neden olan kanserlerden biri. D\u00fcnyadada en s\u0131k g\u00f6zlenen 3. ve en s\u0131k \u00f6l\u00fcme neden olan 2. kanser tipidir. Sa\u011fl\u0131k Bakanl\u0131\u011f\u0131 verilerine g\u00f6re; D\u00fcnyada her y\u0131l yakla\u015f\u0131k 2 milyona yak\u0131n ki\u015fi ba\u011f\u0131rsak kanseri tan\u0131s\u0131 al\u0131rken, 903 bin ki\u015fi her y\u0131l ba\u011f\u0131rsak kanseri nedeniyle \u00f6lmektedir. \u00dclkemizde her y\u0131l 20 binden fazla yeni kolon kanseri tan\u0131s\u0131 konmaktad\u0131r. Ancak di\u011fer pek \u00e7ok kanserden farkl\u0131 olarak kal\u0131n ba\u011f\u0131rsak kanseri geli\u015fmeden \u00f6nce \u00f6nlenebilir.&#8221; diye konu\u015ftu. Endoskopi ve kolonoskopi i\u015flemlerinin art\u0131k anestezi alt\u0131nda ger\u00e7ekle\u015ftirildi\u011fini de ekledi.<\/p>\n<p>&#8220;Yeniden do\u011fmu\u015f gibiyim&#8221;<br \/>\n<br \/>Tedavinin ard\u0131ndan sa\u011fl\u0131\u011f\u0131na kavu\u015fman\u0131n mutlulu\u011funu ya\u015fayan Mertcan Kuru, \u015fiddetli a\u011fr\u0131lar\u0131n ard\u0131ndan ameliyats\u0131z bir tedavi y\u00f6ntemi bulman\u0131n kendisini \u00e7ok rahatlatt\u0131\u011f\u0131n\u0131 ifade etti. Kuru, &#8220;\u00c7ekti\u011fim onca a\u011fr\u0131dan sonra kendimi yeniden do\u011fmu\u015f gibi hissediyorum. K\u0131sa s\u00fcrede i\u015fime ve normal hayat\u0131ma d\u00f6nd\u00fcm. Doktorlar\u0131ma \u00e7ok te\u015fekk\u00fcr ediyorum&#8221; dedi.<br \/><\/p>\n","protected":false},"excerpt":{"rendered":"<p>Motokurye olarak \u00e7al\u0131\u015fan \u0130stanbul \u00dcniversitesi Uzaktan E\u011fitim Co\u011frafya B\u00f6l\u00fcm\u00fc 3. s\u0131n\u0131f \u00f6\u011frencisi 28 ya\u015f\u0131ndaki Mertcan Kuru, Ac\u0131badem Kent Hastanesi\u2019nde ba\u011f\u0131rsa\u011f\u0131ndaki kanserojen poliplerden endoskopik y\u00f6ntemle kurtuldu. Pankreas ve on iki parmak ba\u011f\u0131rsa\u011f\u0131 ve midesinin bir k\u0131sm\u0131n\u0131n al\u0131nmas\u0131n\u0131 gerektiren b\u00fcy\u00fck bir ameliyattan kurtuldu\u011funu belirten Kuru, &#8220;k\u0131sa s\u00fcrede normal ya\u015fant\u0131ma d\u00f6nd\u00fcm.&#8221; dedi. Kar\u0131n a\u011fr\u0131s\u0131 ve pankreas iltihab\u0131 \u015fik\u00e2yetiyle&#8230;<\/p>\n","protected":false},"author":1,"featured_media":74474,"comment_status":"open","ping_status":"open","sticky":false,"template":"","format":"standard","meta":{"_crdt_document":"","footnotes":""},"categories":[2],"tags":[],"class_list":["post-74473","post","type-post","status-publish","format-standard","has-post-thumbnail","hentry","category-saglik"],"_links":{"self":[{"href":"https:\/\/www.egemtv.com\/index.php?rest_route=\/wp\/v2\/posts\/74473","targetHints":{"allow":["GET"]}}],"collection":[{"href":"https:\/\/www.egemtv.com\/index.php?rest_route=\/wp\/v2\/posts"}],"about":[{"href":"https:\/\/www.egemtv.com\/index.php?rest_route=\/wp\/v2\/types\/post"}],"author":[{"embeddable":true,"href":"https:\/\/www.egemtv.com\/index.php?rest_route=\/wp\/v2\/users\/1"}],"replies":[{"embeddable":true,"href":"https:\/\/www.egemtv.com\/index.php?rest_route=%2Fwp%2Fv2%2Fcomments&post=74473"}],"version-history":[{"count":1,"href":"https:\/\/www.egemtv.com\/index.php?rest_route=\/wp\/v2\/posts\/74473\/revisions"}],"predecessor-version":[{"id":74475,"href":"https:\/\/www.egemtv.com\/index.php?rest_route=\/wp\/v2\/posts\/74473\/revisions\/74475"}],"wp:featuredmedia":[{"embeddable":true,"href":"https:\/\/www.egemtv.com\/index.php?rest_route=\/wp\/v2\/media\/74474"}],"wp:attachment":[{"href":"https:\/\/www.egemtv.com\/index.php?rest_route=%2Fwp%2Fv2%2Fmedia&parent=74473"}],"wp:term":[{"taxonomy":"category","embeddable":true,"href":"https:\/\/www.egemtv.com\/index.php?rest_route=%2Fwp%2Fv2%2Fcategories&post=74473"},{"taxonomy":"post_tag","embeddable":true,"href":"https:\/\/www.egemtv.com\/index.php?rest_route=%2Fwp%2Fv2%2Ftags&post=74473"}],"curies":[{"name":"wp","href":"https:\/\/api.w.org\/{rel}","templated":true}]}}