{"id":74467,"date":"2025-12-16T10:14:55","date_gmt":"2025-12-16T07:14:55","guid":{"rendered":"https:\/\/www.egemtv.com\/?p=74467"},"modified":"2025-12-16T10:14:56","modified_gmt":"2025-12-16T07:14:56","slug":"eu-uluslararasi-erasmus-plus-projesiyle-surdurulebilir-dijital-moda-egitimine-onculuk-ediyor","status":"publish","type":"post","link":"https:\/\/www.egemtv.com\/?p=74467","title":{"rendered":"E\u00dc Uluslararas\u0131 Erasmus Plus projesiyle s\u00fcrd\u00fcr\u00fclebilir dijital moda e\u011fitimine \u00f6nc\u00fcl\u00fck ediyor"},"content":{"rendered":"<p>Ege \u00dcniversitesinin ortak olarak yer ald\u0131\u011f\u0131, &#8220;Erasmus Plus Program\u0131 Y\u00fcksek\u00f6\u011fretimde \u0130\u015f Birli\u011fi Ortakl\u0131klar\u0131&#8221; kapsam\u0131nda desteklenen &#8220;Shaping Sustainable Fashion: AI-Driven Innovation in Fashion Design Education (FASHIONAISE)&#8221; projesinin a\u00e7\u0131l\u0131\u015f toplant\u0131s\u0131, proje orta\u011f\u0131 Technical University of Liberec (TUL) ev sahipli\u011finde \u00c7ekya\u2019n\u0131n Liberec kentinde ger\u00e7ekle\u015ftirildi. Proje ile yapay zek\u00e2 destekli tasar\u0131m s\u00fcre\u00e7lerinin y\u00fcksek\u00f6\u011fretime entegre edilmesi, s\u00fcrd\u00fcr\u00fclebilir moda anlay\u0131\u015f\u0131n\u0131n t\u00fcm tasar\u0131m a\u015famalar\u0131na yans\u0131t\u0131lmas\u0131 ve gelece\u011fin tasar\u0131mc\u0131lar\u0131na \u00e7a\u011f\u0131n gerektirdi\u011fi dijital yetkinliklerin kazand\u0131r\u0131lmas\u0131 ama\u00e7lan\u0131yor.<br \/>\n<br \/>Hem proje hem de s\u00fcrd\u00fcr\u00fclen \u00e7al\u0131\u015fmalarla ilgili bilgi veren proje y\u00fcr\u00fct\u00fcc\u00fcs\u00fc Ege \u00dcniversitesi Emel Ak\u0131n Meslek Y\u00fcksekokulu \u00d6\u011fretim \u00dcyesi Prof. Dr. Sevda Alta\u015f, &#8220;FASHIONAISE proje a\u00e7\u0131l\u0131\u015f toplant\u0131s\u0131 ortaklar aras\u0131nda etkili bir ileti\u015fim a\u011f\u0131 kurulmas\u0131na ve projenin ba\u015far\u0131yla y\u00fcr\u00fct\u00fclmesi i\u00e7in ortak bir vizyon olu\u015fturmam\u0131za zemin haz\u0131rlad\u0131. \u00d6zellikle vurgulamak isterim ki, moda tasar\u0131mda s\u00fcrd\u00fcr\u00fclebilirlik ve yapay zek\u00e2 uygulamalar\u0131n\u0131n y\u00fcksek\u00f6\u011fretim programlar\u0131na entegrasyonu art\u0131k bir se\u00e7enek de\u011fil, bir gereklilik h\u00e2line geldi. Bu proje kapsam\u0131nda elde edece\u011fimiz \u00e7\u0131kt\u0131lar\u0131n, Avrupa\u2019da moda tasar\u0131m\u0131 e\u011fitiminin modernle\u015fmesine \u00f6nemli katk\u0131lar sunaca\u011f\u0131na; gelece\u011fin tasar\u0131mc\u0131lar\u0131n\u0131 \u00e7a\u011f\u0131n gerektirdi\u011fi dijital yetkinliklerle donataca\u011f\u0131na y\u00fcrekten inan\u0131yoruz. Projemiz kapsam\u0131nda geli\u015ftirece\u011fimiz  yapay zek\u00e2 temelli s\u00fcrd\u00fcr\u00fclebilir moda tasar\u0131m\u0131 ders m\u00fcfredat\u0131,  dijital at\u00f6lye platformu, e\u011fitmen e\u011fitimleri, \u00f6\u011frenci pilot uygulamalar\u0131 ve yayg\u0131nla\u015ft\u0131rma faaliyetleri i\u00e7in ortak bir yol haritas\u0131 olu\u015fturuyoruz. Ger\u00e7ekle\u015ftirdi\u011fimiz toplant\u0131 s\u00fcrd\u00fcr\u00fclebilir ve yenilik\u00e7i moda tasar\u0131m\u0131 e\u011fitimine y\u00f6nelik kapsaml\u0131 bir s\u00fcrecin temellerini atmam\u0131za ve \u00e7al\u0131\u015fma paketlerine dair t\u00fcm detaylar\u0131 netle\u015ftirmemize imk\u00e2n tan\u0131d\u0131. Toplant\u0131m\u0131z\u0131, proje \u00e7\u0131kt\u0131lar\u0131n\u0131n Avrupa genelinde moda tasar\u0131m\u0131 e\u011fitiminin d\u00f6n\u00fc\u015f\u00fcm\u00fcne katk\u0131 sa\u011flayaca\u011f\u0131na dair ortak kararl\u0131l\u0131\u011f\u0131m\u0131z\u0131 peki\u015ftirerek noktalad\u0131k. Bu g\u00fc\u00e7l\u00fc birliktelikle \u00f6nemli bir yol alaca\u011f\u0131m\u0131za inan\u0131yorum&#8221; dedi.<\/p>\n<p>\u00c7ok uluslu proje<br \/>\n<br \/>Toplam 400 bin Euro b\u00fct\u00e7eye sahip  projede Ege \u00dcniversitesinin yan\u0131 s\u0131ra Almanya\u2019dan Technische Universitt Dresden, Yunanistan\u2019dan International Hellenic University, Bulgaristan\u2019dan Tetra Solutions Ltd. ve \u00c7ekya\u2019dan Technical University of Liberec yer al\u0131yor.<br \/><\/p>\n","protected":false},"excerpt":{"rendered":"<p>Ege \u00dcniversitesinin ortak olarak yer ald\u0131\u011f\u0131, &#8220;Erasmus Plus Program\u0131 Y\u00fcksek\u00f6\u011fretimde \u0130\u015f Birli\u011fi Ortakl\u0131klar\u0131&#8221; kapsam\u0131nda desteklenen &#8220;Shaping Sustainable Fashion: AI-Driven Innovation in Fashion Design Education (FASHIONAISE)&#8221; projesinin a\u00e7\u0131l\u0131\u015f toplant\u0131s\u0131, proje orta\u011f\u0131 Technical University of Liberec (TUL) ev sahipli\u011finde \u00c7ekya\u2019n\u0131n Liberec kentinde ger\u00e7ekle\u015ftirildi. Proje ile yapay zek\u00e2 destekli tasar\u0131m s\u00fcre\u00e7lerinin y\u00fcksek\u00f6\u011fretime entegre edilmesi, s\u00fcrd\u00fcr\u00fclebilir moda anlay\u0131\u015f\u0131n\u0131n t\u00fcm&#8230;<\/p>\n","protected":false},"author":1,"featured_media":74468,"comment_status":"open","ping_status":"open","sticky":false,"template":"","format":"standard","meta":{"_crdt_document":"","footnotes":""},"categories":[1],"tags":[],"class_list":["post-74467","post","type-post","status-publish","format-standard","has-post-thumbnail","hentry","category-guncel"],"_links":{"self":[{"href":"https:\/\/www.egemtv.com\/index.php?rest_route=\/wp\/v2\/posts\/74467","targetHints":{"allow":["GET"]}}],"collection":[{"href":"https:\/\/www.egemtv.com\/index.php?rest_route=\/wp\/v2\/posts"}],"about":[{"href":"https:\/\/www.egemtv.com\/index.php?rest_route=\/wp\/v2\/types\/post"}],"author":[{"embeddable":true,"href":"https:\/\/www.egemtv.com\/index.php?rest_route=\/wp\/v2\/users\/1"}],"replies":[{"embeddable":true,"href":"https:\/\/www.egemtv.com\/index.php?rest_route=%2Fwp%2Fv2%2Fcomments&post=74467"}],"version-history":[{"count":1,"href":"https:\/\/www.egemtv.com\/index.php?rest_route=\/wp\/v2\/posts\/74467\/revisions"}],"predecessor-version":[{"id":74469,"href":"https:\/\/www.egemtv.com\/index.php?rest_route=\/wp\/v2\/posts\/74467\/revisions\/74469"}],"wp:featuredmedia":[{"embeddable":true,"href":"https:\/\/www.egemtv.com\/index.php?rest_route=\/wp\/v2\/media\/74468"}],"wp:attachment":[{"href":"https:\/\/www.egemtv.com\/index.php?rest_route=%2Fwp%2Fv2%2Fmedia&parent=74467"}],"wp:term":[{"taxonomy":"category","embeddable":true,"href":"https:\/\/www.egemtv.com\/index.php?rest_route=%2Fwp%2Fv2%2Fcategories&post=74467"},{"taxonomy":"post_tag","embeddable":true,"href":"https:\/\/www.egemtv.com\/index.php?rest_route=%2Fwp%2Fv2%2Ftags&post=74467"}],"curies":[{"name":"wp","href":"https:\/\/api.w.org\/{rel}","templated":true}]}}