{"id":74464,"date":"2025-12-16T10:14:55","date_gmt":"2025-12-16T07:14:55","guid":{"rendered":"https:\/\/www.egemtv.com\/?p=74464"},"modified":"2025-12-16T10:14:55","modified_gmt":"2025-12-16T07:14:55","slug":"baskan-eyup-kahveciden-sehit-polis-alaattin-ozdemirin-ailesine-ziyaret","status":"publish","type":"post","link":"https:\/\/www.egemtv.com\/?p=74464","title":{"rendered":"Ba\u015fkan Ey\u00fcp Kahveci\u2019den \u015fehit polis Alaattin \u00d6zdemir\u2019in ailesine ziyaret"},"content":{"rendered":"<p>K\u00fctahya Belediye Ba\u015fkan\u0131 Ey\u00fcp Kahveci, \u015fehit Polis Memuru Alaattin \u00d6zdemir\u2019in \u015fehadet y\u0131l d\u00f6n\u00fcm\u00fcnde ailesini ziyaret etti.<br \/>\n<br \/>Ger\u00e7ekle\u015ftirilen ziyarette, vatan u\u011fruna can\u0131n\u0131 feda eden t\u00fcm \u015fehitler rahmet ve minnetle an\u0131l\u0131rken, \u015fehit ailelerinin her zaman yan\u0131nda olundu\u011fu vurguland\u0131. Ba\u015fkan Kahveci, \u015fehitlerin emanetleri olan ailelere sahip \u00e7\u0131kman\u0131n devlet ve millet olarak en \u00f6nemli g\u00f6revlerden biri oldu\u011funu ifade etti.<br \/>\n<br \/>Ziyaret s\u0131ras\u0131nda \u015fehit Polis Memuru Alaattin \u00d6zdemir dualarla yad edilirken, &#8220;Vatan i\u00e7in verilen her nefes bizim i\u00e7in sonsuz bir gururdur&#8221; mesaj\u0131 payla\u015f\u0131ld\u0131.<br \/>\n<br \/>\u015eehidin ruhu i\u00e7in edilen dualar\u0131n ard\u0131ndan ziyaret sona erdi.<br \/><\/p>\n","protected":false},"excerpt":{"rendered":"<p>K\u00fctahya Belediye Ba\u015fkan\u0131 Ey\u00fcp Kahveci, \u015fehit Polis Memuru Alaattin \u00d6zdemir\u2019in \u015fehadet y\u0131l d\u00f6n\u00fcm\u00fcnde ailesini ziyaret etti. Ger\u00e7ekle\u015ftirilen ziyarette, vatan u\u011fruna can\u0131n\u0131 feda eden t\u00fcm \u015fehitler rahmet ve minnetle an\u0131l\u0131rken, \u015fehit ailelerinin her zaman yan\u0131nda olundu\u011fu vurguland\u0131. Ba\u015fkan Kahveci, \u015fehitlerin emanetleri olan ailelere sahip \u00e7\u0131kman\u0131n devlet ve millet olarak en \u00f6nemli g\u00f6revlerden biri oldu\u011funu ifade etti&#8230;.<\/p>\n","protected":false},"author":1,"featured_media":74465,"comment_status":"open","ping_status":"open","sticky":false,"template":"","format":"standard","meta":{"_crdt_document":"","footnotes":""},"categories":[123],"tags":[],"class_list":["post-74464","post","type-post","status-publish","format-standard","has-post-thumbnail","hentry","category-gundem"],"_links":{"self":[{"href":"https:\/\/www.egemtv.com\/index.php?rest_route=\/wp\/v2\/posts\/74464","targetHints":{"allow":["GET"]}}],"collection":[{"href":"https:\/\/www.egemtv.com\/index.php?rest_route=\/wp\/v2\/posts"}],"about":[{"href":"https:\/\/www.egemtv.com\/index.php?rest_route=\/wp\/v2\/types\/post"}],"author":[{"embeddable":true,"href":"https:\/\/www.egemtv.com\/index.php?rest_route=\/wp\/v2\/users\/1"}],"replies":[{"embeddable":true,"href":"https:\/\/www.egemtv.com\/index.php?rest_route=%2Fwp%2Fv2%2Fcomments&post=74464"}],"version-history":[{"count":1,"href":"https:\/\/www.egemtv.com\/index.php?rest_route=\/wp\/v2\/posts\/74464\/revisions"}],"predecessor-version":[{"id":74466,"href":"https:\/\/www.egemtv.com\/index.php?rest_route=\/wp\/v2\/posts\/74464\/revisions\/74466"}],"wp:featuredmedia":[{"embeddable":true,"href":"https:\/\/www.egemtv.com\/index.php?rest_route=\/wp\/v2\/media\/74465"}],"wp:attachment":[{"href":"https:\/\/www.egemtv.com\/index.php?rest_route=%2Fwp%2Fv2%2Fmedia&parent=74464"}],"wp:term":[{"taxonomy":"category","embeddable":true,"href":"https:\/\/www.egemtv.com\/index.php?rest_route=%2Fwp%2Fv2%2Fcategories&post=74464"},{"taxonomy":"post_tag","embeddable":true,"href":"https:\/\/www.egemtv.com\/index.php?rest_route=%2Fwp%2Fv2%2Ftags&post=74464"}],"curies":[{"name":"wp","href":"https:\/\/api.w.org\/{rel}","templated":true}]}}