{"id":74461,"date":"2025-12-16T10:14:53","date_gmt":"2025-12-16T07:14:53","guid":{"rendered":"https:\/\/www.egemtv.com\/?p=74461"},"modified":"2025-12-16T10:14:55","modified_gmt":"2025-12-16T07:14:55","slug":"kutahyali-judocudan-bronz-madalya","status":"publish","type":"post","link":"https:\/\/www.egemtv.com\/?p=74461","title":{"rendered":"K\u00fctahyal\u0131 judocudan bronz madalya"},"content":{"rendered":"<p>Zonguldak\u2019ta d\u00fczenlenen Uluslararas\u0131 Madenciler Judo M\u00fcsabakalar\u0131\u2019nda K\u00fctahya\u2019y\u0131 temsil eden sporcu Ahmet Burak Maran, \u00f6nemli bir ba\u015far\u0131ya imza att\u0131.<br \/>\n<br \/>26 kilogram kategorisinde m\u00fccadele eden gen\u00e7 sporcu, sergiledi\u011fi \u00fcst\u00fcn performansla \u00fc\u00e7\u00fcnc\u00fc olarak bronz madalyan\u0131n sahibi oldu. Uluslararas\u0131 arenada elde edilen bu derece, K\u00fctahya spor camias\u0131nda gururla kar\u015f\u0131land\u0131.<br \/>\n<br \/>K\u00fctahya Gen\u00e7lik ve Spor \u0130l M\u00fcd\u00fcrl\u00fc\u011f\u00fc yetkilileri, ba\u015far\u0131l\u0131 sporcuyu tebrik ederek spor hayat\u0131nda nice ba\u015far\u0131lar diledi.<br \/><\/p>\n","protected":false},"excerpt":{"rendered":"<p>Zonguldak\u2019ta d\u00fczenlenen Uluslararas\u0131 Madenciler Judo M\u00fcsabakalar\u0131\u2019nda K\u00fctahya\u2019y\u0131 temsil eden sporcu Ahmet Burak Maran, \u00f6nemli bir ba\u015far\u0131ya imza att\u0131. 26 kilogram kategorisinde m\u00fccadele eden gen\u00e7 sporcu, sergiledi\u011fi \u00fcst\u00fcn performansla \u00fc\u00e7\u00fcnc\u00fc olarak bronz madalyan\u0131n sahibi oldu. Uluslararas\u0131 arenada elde edilen bu derece, K\u00fctahya spor camias\u0131nda gururla kar\u015f\u0131land\u0131. K\u00fctahya Gen\u00e7lik ve Spor \u0130l M\u00fcd\u00fcrl\u00fc\u011f\u00fc yetkilileri, ba\u015far\u0131l\u0131 sporcuyu tebrik&#8230;<\/p>\n","protected":false},"author":1,"featured_media":74462,"comment_status":"open","ping_status":"open","sticky":false,"template":"","format":"standard","meta":{"_crdt_document":"","footnotes":""},"categories":[4],"tags":[],"class_list":["post-74461","post","type-post","status-publish","format-standard","has-post-thumbnail","hentry","category-spor"],"_links":{"self":[{"href":"https:\/\/www.egemtv.com\/index.php?rest_route=\/wp\/v2\/posts\/74461","targetHints":{"allow":["GET"]}}],"collection":[{"href":"https:\/\/www.egemtv.com\/index.php?rest_route=\/wp\/v2\/posts"}],"about":[{"href":"https:\/\/www.egemtv.com\/index.php?rest_route=\/wp\/v2\/types\/post"}],"author":[{"embeddable":true,"href":"https:\/\/www.egemtv.com\/index.php?rest_route=\/wp\/v2\/users\/1"}],"replies":[{"embeddable":true,"href":"https:\/\/www.egemtv.com\/index.php?rest_route=%2Fwp%2Fv2%2Fcomments&post=74461"}],"version-history":[{"count":1,"href":"https:\/\/www.egemtv.com\/index.php?rest_route=\/wp\/v2\/posts\/74461\/revisions"}],"predecessor-version":[{"id":74463,"href":"https:\/\/www.egemtv.com\/index.php?rest_route=\/wp\/v2\/posts\/74461\/revisions\/74463"}],"wp:featuredmedia":[{"embeddable":true,"href":"https:\/\/www.egemtv.com\/index.php?rest_route=\/wp\/v2\/media\/74462"}],"wp:attachment":[{"href":"https:\/\/www.egemtv.com\/index.php?rest_route=%2Fwp%2Fv2%2Fmedia&parent=74461"}],"wp:term":[{"taxonomy":"category","embeddable":true,"href":"https:\/\/www.egemtv.com\/index.php?rest_route=%2Fwp%2Fv2%2Fcategories&post=74461"},{"taxonomy":"post_tag","embeddable":true,"href":"https:\/\/www.egemtv.com\/index.php?rest_route=%2Fwp%2Fv2%2Ftags&post=74461"}],"curies":[{"name":"wp","href":"https:\/\/api.w.org\/{rel}","templated":true}]}}